{"id":6693,"date":"2026-09-04T10:55:18","date_gmt":"2026-09-04T10:55:18","guid":{"rendered":"https:\/\/diocesilanciano.it\/?p=6693"},"modified":"2026-09-04T10:55:20","modified_gmt":"2026-09-04T10:55:20","slug":"rinvio-appuntamenti-vescovo","status":"publish","type":"post","link":"https:\/\/diocesilanciano.it\/?p=6693","title":{"rendered":"RINVIO APPUNTAMENTI VESCOVO\u00a0"},"content":{"rendered":"\n<p class=\"wp-block-paragraph\">\u201cCon sommo rammarico sono costretto a dover rinunciare agli eventi legati alle celebrazioni della Madonna del Ponte, alla novena, al dono dell\u20198 settembre, alla visita e soprattutto alla concelebrazione della messa per la Nativit\u00e0 di Maria con il cardinale, e presidente della Cei, Matteo Maria Zuppi a cui tenevamo in modo particolare\u201d.<\/p>\n\n\n\n<p class=\"wp-block-paragraph\">E\u2019 l\u2019arcivescovo di Lanciano Ortona Emidio Cipollone a comunicare ai fedeli la dolorosa rinuncia, per motivi di salute, alle celebrazioni legate alle feste settembrine in onore della Madonna del ponte e non solo. <strong>Una decisione imposta dai medici<\/strong>, che, come conseguenza immediata, vede la sospensione di <strong>tutte le attivit\u00e0<\/strong> <strong>in agenda almeno per l\u2019intero mese di settembre.&nbsp;<\/strong><\/p>\n\n\n\n<p class=\"wp-block-paragraph\">\u201cIl cardinale Zuppi non ha cancellato del tutto la sua visita a Lanciano\u201d, riprende il vescovo, \u201csi \u00e8 reso disponibile per fissare una nuova data che valuteremo nelle prossime settimane. Per quanto riguarda gli impegni presi in diocesi laddove possibile ci saranno il vicario generale don Angelo Giordano, i componenti del Consiglio Episcopale a fare le mie veci\u201d. La messa dell\u20198 settembre alle 11.30 in Cattedrale, che segue il dono alla Madonna del Ponte, infatti, sar\u00e0 celebrata da don Angelo che chiuder\u00e0 anche la novena, celebrer\u00e0 la messa delle 4.30 del 14 settembre e seguir\u00e0 la processione del 16 settembre. In Curia sar\u00e0 garantito il regolare svolgimento delle attivit\u00e0 amministrative della diocesi.&nbsp;<\/p>\n\n\n\n<p class=\"wp-block-paragraph\">Invitiamo l\u2019intera comunit\u00e0 diocesana, i presbiteri, i diaconi, le religiose e i religiosi e i fedeli tutti a partecipare attivamente alle celebrazioni legate alla Madonna del ponte, patrona della arcidiocesi, e ad accompagnare il vescovo con la preghiera, augurandogli una pronta e completa guarigione.<\/p>\n\n\n\n<p class=\"wp-block-paragraph\">Ufficio per le comunicazioni sociali della Chiesa di Lanciano-Ortona<\/p>\n\n\n\n<p class=\"wp-block-paragraph\">Responsabile \u2013 Teresa Di Rocco 347.9402115<\/p>\n\n\n\n<p class=\"wp-block-paragraph\">Webmaster &#8211; Alessandro Acciavatti<\/p>\n\n\n\n<p class=\"wp-block-paragraph\">udcs@diocesilanciano.it<\/p>\n\n\n\n<p class=\"wp-block-paragraph\">Sito web &#8211;<a href=\"http:\/\/www.diocesilanciano.it\/\">&nbsp;www.diocesilanciano.it<\/a><\/p>\n\n\n\n<p class=\"wp-block-paragraph\">Facebook &#8211; www.facebook\/diocesidilancianortona<\/p>\n\n\n\n<p class=\"wp-block-paragraph\">YouTube &#8211; @chiesafrentana<\/p>\n\n\n\n<p class=\"wp-block-paragraph\">Telegram &#8211;<a href=\"http:\/\/t.me\/diocesilancianortona\">&nbsp;t.me\/diocesilancianortona<\/a><\/p>\n","protected":false},"excerpt":{"rendered":"<p>\u201cCon sommo rammarico sono costretto a dover rinunciare agli eventi legati alle celebrazioni della Madonna del Ponte, alla novena, al dono dell\u20198 settembre, alla visita e soprattutto alla concelebrazione della [&hellip;]<\/p>\n","protected":false},"author":1,"featured_media":6201,"comment_status":"open","ping_status":"open","sticky":false,"template":"","format":"standard","meta":{"_et_pb_use_builder":"off","_et_pb_old_content":"","_et_gb_content_width":"1080","footnotes":""},"categories":[1],"tags":[],"class_list":["post-6693","post","type-post","status-publish","format-standard","has-post-thumbnail","hentry","category-uncategorized"],"_links":{"self":[{"href":"https:\/\/diocesilanciano.it\/index.php?rest_route=\/wp\/v2\/posts\/6693","targetHints":{"allow":["GET"]}}],"collection":[{"href":"https:\/\/diocesilanciano.it\/index.php?rest_route=\/wp\/v2\/posts"}],"about":[{"href":"https:\/\/diocesilanciano.it\/index.php?rest_route=\/wp\/v2\/types\/post"}],"author":[{"embeddable":true,"href":"https:\/\/diocesilanciano.it\/index.php?rest_route=\/wp\/v2\/users\/1"}],"replies":[{"embeddable":true,"href":"https:\/\/diocesilanciano.it\/index.php?rest_route=%2Fwp%2Fv2%2Fcomments&post=6693"}],"version-history":[{"count":1,"href":"https:\/\/diocesilanciano.it\/index.php?rest_route=\/wp\/v2\/posts\/6693\/revisions"}],"predecessor-version":[{"id":6694,"href":"https:\/\/diocesilanciano.it\/index.php?rest_route=\/wp\/v2\/posts\/6693\/revisions\/6694"}],"wp:featuredmedia":[{"embeddable":true,"href":"https:\/\/diocesilanciano.it\/index.php?rest_route=\/wp\/v2\/media\/6201"}],"wp:attachment":[{"href":"https:\/\/diocesilanciano.it\/index.php?rest_route=%2Fwp%2Fv2%2Fmedia&parent=6693"}],"wp:term":[{"taxonomy":"category","embeddable":true,"href":"https:\/\/diocesilanciano.it\/index.php?rest_route=%2Fwp%2Fv2%2Fcategories&post=6693"},{"taxonomy":"post_tag","embeddable":true,"href":"https:\/\/diocesilanciano.it\/index.php?rest_route=%2Fwp%2Fv2%2Ftags&post=6693"}],"curies":[{"name":"wp","href":"https:\/\/api.w.org\/{rel}","templated":true}]}}