{"id":5874,"date":"2025-09-29T17:17:27","date_gmt":"2025-09-29T15:17:27","guid":{"rendered":"http:\/\/www.diocesilanciano.it\/?p=5874"},"modified":"2025-12-17T22:49:28","modified_gmt":"2025-12-17T22:49:28","slug":"nasce-la-cappellania-ospedaliera-punto-di-incontro-per-personale-e-degenti-dellospedale-di-lanciano","status":"publish","type":"post","link":"https:\/\/diocesilanciano.it\/?p=5874","title":{"rendered":"Nasce la Cappellania Ospedaliera, punto di incontro per personale e degenti dell\u2019ospedale di Lanciano"},"content":{"rendered":"\n<p>\u201cUn luogo di sostegno, spiritualit\u00e0 e speranza per gli operatori della sanit\u00e0 e i degenti\u201d: \u00e8 questa la Cappellania ospedaliera che, <strong>gioved\u00ec 2 ottobre alle 18,<\/strong> sar\u00e0 presentata nella chiesetta dell\u2019ospedale Renzetti di Lanciano alla presenza di <strong>S.E. Monsignor Emidio Cipollone.<\/strong><\/p>\n\n\n\n<p>\u201cNel percorso del cammino sinodale le diocesi sono state invitate ad individuare alcuni &#8220;cantieri&#8221; che potevano rendere pi\u00f9 comprensibile e pi\u00f9 efficace l&#8217;annuncio e la testimonianza del Vangelo di Ges\u00f9 e la presenza della comunit\u00e0 ecclesiale nella societ\u00e0 e nel mondo\u201d, spiega l\u2019arcivescovo. \u201cNella nostra diocesi il primo cantiere a partire \u00e8 stato quello della &#8220;cappellania scolastica&#8221; la comunit\u00e0 che riunisce tutto il mondo della scuola che, ormai, tutti conoscono e apprezzano. Adesso vede la luce&nbsp;la &#8220;cappellania ospedaliera&#8221;: essa \u00e8 una forma molto concreta e preziosa di carit\u00e0 cristiana e di partecipazione alla missione della Chiesa, cio\u00e8, annunciare e testimoniare il Vangelo, partendo proprio da quelli che soffrono e da coloro che se ne prendono cura: medici, infermieri, operatori sanitari, famiglie, volontari. L\u2019idea&nbsp; \u00e8 quella di collaborare a curare le ferite del corpo, del cuore e dello spirito e le relazioni attraverso l&#8217;ascolto e il dialogo, anche ecumenico e interreligioso, condividendo paure e fragilit\u00e0, sofferenze, speranze e&nbsp; gioie. Attraverso di essa il Signore riveler\u00e0 la sua tenerezza.<\/p>\n\n\n\n<p>La Cappellania\u201d, continua Cipollone, \u201cdovr\u00e0 aprire una strada, anche fra l&#8217;indifferenza del mondo, nel segno della dignit\u00e0 dell&#8217;uomo, offrendogli un orizzonte di speranza, specialmente nei momenti di crisi; perch\u00e9 quando arriva la pandemia piuttosto che la guerra, la malattia piuttosto che una sofferenza, l&#8217;uomo torna a cercare &#8220;senso&#8221; nella fede e nella Chiesa perch\u00e9 in essa trova &#8220;parole di vita eterna&#8221;. La cappellania -lo speriamo davvero!- potr\u00e0 diventare una delle modalit\u00e0 attraverso la quale potr\u00e0 manifestarsi la dottrina sociale della Chiesa, scrivendo nel mondo ospedaliero, pagine belle e significative come quelle che, al suo sorgere, la &#8220;Rerum novarum&#8221; di Leone XIII scrisse per il mondo del lavoro\u201d.<\/p>\n\n\n\n<p>Appuntamento quindi gioved\u00ec 2 ottobre al primo incontro della Cappellania ospedaliera che sar\u00e0 guidata da padre <strong>Giorgio Jobish Thomas<\/strong>: alle 18 accoglienza nella cappella dell\u2019ospedale Renzetti alle 18.30 relazione di Monsignor Cipollone e riflessione sulla prima dottrina sociale della Chiesa.<\/p>\n\n\n\n<p>Ufficio per le comunicazioni sociali della Chiesa di Lanciano-Ortona<\/p>\n<p>Responsabile \u2013 Teresa Di Rocco<\/p>\n","protected":false},"excerpt":{"rendered":"<p>\u201cUn luogo di sostegno, spiritualit\u00e0 e speranza per gli operatori della sanit\u00e0 e i degenti\u201d: \u00e8 questa la Cappellania ospedaliera che, gioved\u00ec 2 ottobre alle 18, sar\u00e0 presentata nella chiesetta [&hellip;]<\/p>\n","protected":false},"author":1,"featured_media":2185,"comment_status":"closed","ping_status":"closed","sticky":false,"template":"","format":"standard","meta":{"_et_pb_use_builder":"off","_et_pb_old_content":"","_et_gb_content_width":"1080","footnotes":""},"categories":[11],"tags":[],"class_list":["post-5874","post","type-post","status-publish","format-standard","has-post-thumbnail","hentry","category-news"],"_links":{"self":[{"href":"https:\/\/diocesilanciano.it\/index.php?rest_route=\/wp\/v2\/posts\/5874","targetHints":{"allow":["GET"]}}],"collection":[{"href":"https:\/\/diocesilanciano.it\/index.php?rest_route=\/wp\/v2\/posts"}],"about":[{"href":"https:\/\/diocesilanciano.it\/index.php?rest_route=\/wp\/v2\/types\/post"}],"author":[{"embeddable":true,"href":"https:\/\/diocesilanciano.it\/index.php?rest_route=\/wp\/v2\/users\/1"}],"replies":[{"embeddable":true,"href":"https:\/\/diocesilanciano.it\/index.php?rest_route=%2Fwp%2Fv2%2Fcomments&post=5874"}],"version-history":[{"count":1,"href":"https:\/\/diocesilanciano.it\/index.php?rest_route=\/wp\/v2\/posts\/5874\/revisions"}],"predecessor-version":[{"id":6195,"href":"https:\/\/diocesilanciano.it\/index.php?rest_route=\/wp\/v2\/posts\/5874\/revisions\/6195"}],"wp:featuredmedia":[{"embeddable":true,"href":"https:\/\/diocesilanciano.it\/index.php?rest_route=\/wp\/v2\/media\/2185"}],"wp:attachment":[{"href":"https:\/\/diocesilanciano.it\/index.php?rest_route=%2Fwp%2Fv2%2Fmedia&parent=5874"}],"wp:term":[{"taxonomy":"category","embeddable":true,"href":"https:\/\/diocesilanciano.it\/index.php?rest_route=%2Fwp%2Fv2%2Fcategories&post=5874"},{"taxonomy":"post_tag","embeddable":true,"href":"https:\/\/diocesilanciano.it\/index.php?rest_route=%2Fwp%2Fv2%2Ftags&post=5874"}],"curies":[{"name":"wp","href":"https:\/\/api.w.org\/{rel}","templated":true}]}}