{"id":5861,"date":"2025-09-24T22:29:09","date_gmt":"2025-09-24T20:29:09","guid":{"rendered":"https:\/\/www.diocesilanciano.it\/?p=5861"},"modified":"2025-12-17T22:51:02","modified_gmt":"2025-12-17T22:51:02","slug":"in-processione-con-la-kefiah-sullabito-talare-don-alessio-e-simbolo-di-solidarieta-giustizia-e-pace-comunicato-stampa","status":"publish","type":"post","link":"https:\/\/diocesilanciano.it\/?p=5861","title":{"rendered":"IN PROCESSIONE CON LA KEFIAH SULL\u2019ABITO TALARE. DON ALESSIO: \u201cE\u2019 SIMBOLO DI SOLIDARIET\u00c0, GIUSTIZIA E PACE: COMUNICATO STAMPA"},"content":{"rendered":"\n\n\n<p>OGGETTO: IN PROCESSIONE CON LA KEFIAH SULL\u2019ABITO TALARE. DON ALESSIO: \u201cE\u2019 SIMBOLO DI SOLIDARIET\u00c0, GIUSTIZIA E PACE\u201d.<\/p>\n\n\n\n<p>\u201cInsegno ai miei studenti e studentesse a credere in dei valori, a battersi per essi e poi io per primo non seguo questo insegnamento? Che esempio sarei?&nbsp; Credo nella pace, nella solidariet\u00e0, nella giustizia e ho indossato un simbolo di questi valori\u201d.<\/p>\n\n\n\n<p>Cos\u00ec don Alessio Primante, responsabile della Cappellania scolastica dell\u2019arcidiocesi di Lanciano &#8211; Ortona e cancelliere della Curia, spiega quello che per molti \u00e8 stato un gesto forte, dal grande valore simbolico: indossare la kefiah, simbolo di solidariet\u00e0 al popolo palestinese, e farlo non in un giorno qualunque, ma durante la processione della Madonna del Ponte di marted\u00ec scorso, quella pi\u00f9 grande e seguita della diocesi. Migliaia di occhi si sono posati su quella mantellina bianca e rossa: occhi distratti, altri attenti e bendisposti, altri ancora infastiditi. E parole, bisbigli hanno seguito i suoi passi: di approvazione, pochi altri di insofferenza.<\/p>\n\n\n\n<p>\u201cE\u2019 un gesto che \u00e8 un messaggio di pace, giustizia che, assieme alla difesa del Creato, sono i valori fondanti della comunit\u00e0 scolastica diocesana\u201d,&nbsp; riprende don Alessio. \u201cE\u2019 un gesto per essere vicino al popolo palestinese, di solidariet\u00e0 che \u00e8 valore universalmente riconosciuto. E\u2019 una immagine forte, che parla: solleva anche nel nostro territorio, la nostra citt\u00e0, il velo su una realt\u00e0 di sofferenza. E\u2019 un\u2019immagine che lancia una riflessione sul fatto che nella terra del Signore si vive un genocidio.&nbsp;<\/p>\n\n\n\n<p>Anche Papa Leone XIV ha espresso, ed esprime, profonda vicinanza al popolo palestinese, a&nbsp;Gaza, a centinaia di migliaia di persone che \u201cvivono nella paura\u201d, \u201csopravvivono in condizioni inaccettabili\u201d. Il mio\u201d, continua don Alessio, \u201c \u00e8 un gesto soprattutto di pace. Da anni la bandiera della pace \u00e8 sull\u2019altare della chiesa del Purgatorio, mi segue nelle messe celebrate all\u2019aperto, proprio tra le mura di quel Creato che pure difendiamo. E\u2019 un messaggio, quindi, di fede, solidariet\u00e0, giustizia, amore, pace: svegliamoci dal sonno\u201d.<\/p>\n\n\n\n<p>\u201cQuesto messaggio di pace, giustizia e di solidariet\u00e0, pur facendo riferimento ad una situazione concreta, quale quella di Gaza\u201d, chiude S.E. Monsignor Emidio Cipollone, \u201cha un valore universale che potremmo leggere in riferimento alla necessit\u00e0 di cercare la pace in tutte le situazioni di conflitto e violenza che ci sono nel mondo\u201d.<\/p>\n<p>\u00a0<\/p>\n<p>Teresa Di Rocco\u00a0<\/p>\n<p>\u00a0<\/p>\n","protected":false},"excerpt":{"rendered":"<p>OGGETTO: IN PROCESSIONE CON LA KEFIAH SULL\u2019ABITO TALARE. DON ALESSIO: \u201cE\u2019 SIMBOLO DI SOLIDARIET\u00c0, GIUSTIZIA E PACE\u201d. \u201cInsegno ai miei studenti e studentesse a credere in dei valori, a battersi [&hellip;]<\/p>\n","protected":false},"author":1,"featured_media":6193,"comment_status":"closed","ping_status":"closed","sticky":false,"template":"","format":"standard","meta":{"_et_pb_use_builder":"off","_et_pb_old_content":"","_et_gb_content_width":"1080","footnotes":""},"categories":[11],"tags":[],"class_list":["post-5861","post","type-post","status-publish","format-standard","has-post-thumbnail","hentry","category-news"],"_links":{"self":[{"href":"https:\/\/diocesilanciano.it\/index.php?rest_route=\/wp\/v2\/posts\/5861","targetHints":{"allow":["GET"]}}],"collection":[{"href":"https:\/\/diocesilanciano.it\/index.php?rest_route=\/wp\/v2\/posts"}],"about":[{"href":"https:\/\/diocesilanciano.it\/index.php?rest_route=\/wp\/v2\/types\/post"}],"author":[{"embeddable":true,"href":"https:\/\/diocesilanciano.it\/index.php?rest_route=\/wp\/v2\/users\/1"}],"replies":[{"embeddable":true,"href":"https:\/\/diocesilanciano.it\/index.php?rest_route=%2Fwp%2Fv2%2Fcomments&post=5861"}],"version-history":[{"count":1,"href":"https:\/\/diocesilanciano.it\/index.php?rest_route=\/wp\/v2\/posts\/5861\/revisions"}],"predecessor-version":[{"id":6194,"href":"https:\/\/diocesilanciano.it\/index.php?rest_route=\/wp\/v2\/posts\/5861\/revisions\/6194"}],"wp:featuredmedia":[{"embeddable":true,"href":"https:\/\/diocesilanciano.it\/index.php?rest_route=\/wp\/v2\/media\/6193"}],"wp:attachment":[{"href":"https:\/\/diocesilanciano.it\/index.php?rest_route=%2Fwp%2Fv2%2Fmedia&parent=5861"}],"wp:term":[{"taxonomy":"category","embeddable":true,"href":"https:\/\/diocesilanciano.it\/index.php?rest_route=%2Fwp%2Fv2%2Fcategories&post=5861"},{"taxonomy":"post_tag","embeddable":true,"href":"https:\/\/diocesilanciano.it\/index.php?rest_route=%2Fwp%2Fv2%2Ftags&post=5861"}],"curies":[{"name":"wp","href":"https:\/\/api.w.org\/{rel}","templated":true}]}}