{"id":5855,"date":"2025-09-12T17:06:15","date_gmt":"2025-09-12T15:06:15","guid":{"rendered":"https:\/\/www.diocesilanciano.it\/?p=5855"},"modified":"2025-12-17T22:52:10","modified_gmt":"2025-12-17T22:52:10","slug":"le-feste-di-settembre-nel-segno-della-speranza-il-comitato-feste-offre-il-dono-a-s-e-emidio-cipollone-che-lo-ha-girato-alla-caritas-diocesana","status":"publish","type":"post","link":"https:\/\/diocesilanciano.it\/?p=5855","title":{"rendered":"LE FESTE DI SETTEMBRE NEL SEGNO DELLA SPERANZA.\u00a0 IL COMITATO FESTE OFFRE IL DONO A S.E. EMIDIO CIPOLLONE CHE LO HA GIRATO ALLA CARITAS DIOCESANA"},"content":{"rendered":"\n<p class=\"p1\">Dopo la novena dal 29 agosto al 6 settembre, il rito del dono l\u20198 settembre si entra nel cuore delle feste di settembre dedicate alla Madonna del Ponte, quest\u2019anno nel segno del Giubileo della Speranza.<\/p>\n<p class=\"p1\"><b>Domenica 14, luned\u00ec 15 e marted\u00ec 16 settembre<\/b> sono infatti i tre giorni pi\u00f9 intesi, quelli da vivere ancora di pi\u00f9 come atto di <b>testimonianza di fede<\/b> perch\u00e9 strettamente legati all\u2019Incoronazione della Madonna del Ponte e del Bambino avvenuta nel 1833. Madonna che come dice Monsignor Cipollone \u201cci aiuti a \u201cSperare contro ogni speranza\u201d, a proiettarci verso l\u2019esterno, verso Dio e verso gli altri, specialmente coloro che abitano le periferie, materiali ed esistenziali\u201d.<\/p>\n<p class=\"p1\">Feste speciali per Lanciano ma anche per l\u2019intera comunit\u00e0 visto che ci saranno anche due eventi particolari: la consacrazione di Stefania Pasquini nell\u2019<i>Ordo Virginum<\/i> con cerimonia nella Cattedrale della Madonna del Ponte sabato 13 settembre alle 18, e l\u2019ammissione agli ordini di Andrea D\u2019Orazio, domenica 14 settembre alle 19 nella chiesa di Santa Maria Maggiore a Lanciano, messa in cui si celebrer\u00e0 anche il terzo compleanno della Cappellania scolastica, la comunit\u00e0 che riunisce studenti, insegnanti e tutto il personale del mondo della scuola.<\/p>\n<p class=\"p1\">Questo il programma:<\/p>\n<p class=\"p1\"><b>Domenica14 settembre<\/b>, Esaltazione della Croce, alle 4.30 santa messa celebrata dall\u2019arcivescovo Emidio Cipollone in Cattedrale, a seguire messe alle ore 7 &#8211; 8.30 &#8211; 10.30 &#8211; 18.30. Alle 19 nella chiesa di Santa Maria Maggiore ammissione agli ordini di Andrea D\u2019Orazio e 3\u00b0 anniversario della Cappellania scolastica.<\/p>\n<p class=\"p1\"><b>Luned\u00ec 15 settembre<\/b>, giorno della beata Vergine Maria Addolorata, messe in Cattedrale, che resta aperta per il saluto dei fedeli, alle ore 7 &#8211; 8.30 &#8211; 10.30 &#8211; 18.30.<\/p>\n<p class=\"p1\"><b>Luned\u00ec 16 settembre<\/b>, giorno dedicato a Maria Regina del popolo frentano messe celebrate alle ore 7 &#8211; 8.30 &#8211; 10.30. Alle 18.30 la santa messa celebrata da Monsignor Cipollone e a seguire processione della Madonna per le vie cittadine.\u00a0<\/p>\n<p class=\"p1\">\u201cLe processioni hanno una storia molto antica: le conoscevano gi\u00e0 gli Egizi, i Greci e i Romani\u201d, spiega l\u2019arcivescovo. \u201cPer i cristiani, che negli &#8220;Atti degli Apostoli&#8221; venivano chiamati &#8220;quelli della via&#8221;, cio\u00e8 coloro che andavano dietro a Ges\u00f9 Via, Verit\u00e0 e Vita, la processione \u00e8 l&#8217;immagine chiarissima di ci\u00f2 che la Chiesa \u00e8: popolo in cammino nel mondo. In questo &#8220;pellegrinaggio&#8221; che ci ricorda che, sulla terra, siamo solo di passaggio, e che siamo in patria\u00a0ovunque e stranieri nel nostro territorio, perch\u00e9 la nostra vera patria \u00e8 il cielo, come diceva l&#8217;antichissima &#8220;Lettera a Diogneto&#8221;, facciamo l&#8217;esperienza, bellissima, di non essere mai soli: siamo, appunto, una comunit\u00e0 di fratelli e sorelle in cammino. Ee non ci manca mai la presenza del Signore, che \u00e8 il &#8220;Dio con noi&#8221;, anche attraverso la mediazione e l&#8217;intercessione della Madonna e dei Santi\u201d.<\/p>\n<p class=\"p1\">Infine il sindaco di Lanciano Filippo Paolini e il presidente del Comitato feste di settembre Fernando Rosato hanno consegnato alla Curia <b>l\u2019offerta ricavata dalla vendita del dono<\/b> dell\u20198 settembre: 2.600 euro che il vescovo, come lo scorso anno, ha destinato alla <b>Caritas <\/b>per le tante attivit\u00e0 svolte a sostegno dei pi\u00f9 bisognosi.<\/p>\n<p>\u00a0<\/p>\n<p>Teresa Di Rocco<\/p>\n","protected":false},"excerpt":{"rendered":"","protected":false},"author":1,"featured_media":6196,"comment_status":"closed","ping_status":"closed","sticky":false,"template":"","format":"standard","meta":{"_et_pb_use_builder":"off","_et_pb_old_content":"","_et_gb_content_width":"1080","footnotes":""},"categories":[11],"tags":[],"class_list":["post-5855","post","type-post","status-publish","format-standard","has-post-thumbnail","hentry","category-news"],"_links":{"self":[{"href":"https:\/\/diocesilanciano.it\/index.php?rest_route=\/wp\/v2\/posts\/5855","targetHints":{"allow":["GET"]}}],"collection":[{"href":"https:\/\/diocesilanciano.it\/index.php?rest_route=\/wp\/v2\/posts"}],"about":[{"href":"https:\/\/diocesilanciano.it\/index.php?rest_route=\/wp\/v2\/types\/post"}],"author":[{"embeddable":true,"href":"https:\/\/diocesilanciano.it\/index.php?rest_route=\/wp\/v2\/users\/1"}],"replies":[{"embeddable":true,"href":"https:\/\/diocesilanciano.it\/index.php?rest_route=%2Fwp%2Fv2%2Fcomments&post=5855"}],"version-history":[{"count":1,"href":"https:\/\/diocesilanciano.it\/index.php?rest_route=\/wp\/v2\/posts\/5855\/revisions"}],"predecessor-version":[{"id":6197,"href":"https:\/\/diocesilanciano.it\/index.php?rest_route=\/wp\/v2\/posts\/5855\/revisions\/6197"}],"wp:featuredmedia":[{"embeddable":true,"href":"https:\/\/diocesilanciano.it\/index.php?rest_route=\/wp\/v2\/media\/6196"}],"wp:attachment":[{"href":"https:\/\/diocesilanciano.it\/index.php?rest_route=%2Fwp%2Fv2%2Fmedia&parent=5855"}],"wp:term":[{"taxonomy":"category","embeddable":true,"href":"https:\/\/diocesilanciano.it\/index.php?rest_route=%2Fwp%2Fv2%2Fcategories&post=5855"},{"taxonomy":"post_tag","embeddable":true,"href":"https:\/\/diocesilanciano.it\/index.php?rest_route=%2Fwp%2Fv2%2Ftags&post=5855"}],"curies":[{"name":"wp","href":"https:\/\/api.w.org\/{rel}","templated":true}]}}