{"id":5837,"date":"2025-08-29T15:30:31","date_gmt":"2025-08-29T13:30:31","guid":{"rendered":"https:\/\/www.diocesilanciano.it\/?p=5837"},"modified":"2025-08-29T15:30:31","modified_gmt":"2025-08-29T13:30:31","slug":"novena-e-le-feste-di-settembre-nellanno-della-speranza-la-madonna-del-ponte-e-regina-del-popolo-frentano-modello-di-speranza-ed-esempio-di-solidarieta","status":"publish","type":"post","link":"https:\/\/diocesilanciano.it\/?p=5837","title":{"rendered":"Novena e le Feste di settembre nell\u2019anno della Speranza: la Madonna del Ponte e Regina del Popolo Frentano, modello di Speranza ed esempio di solidariet\u00e0"},"content":{"rendered":"\n<p class=\"p1\">Novena e le Feste di settembre nell\u2019anno della Speranza: la Madonna del Ponte e Regina del Popolo Frentano, modello di Speranza ed esempio di solidariet\u00e0<\/p>\n<p class=\"p3\">E\u2019 il tradizionale sparo dei mortaretti domani <b>29 agosto alle ore 13,\u00a0in piazza Plebiscito<\/b> ad aprire la <b>Novena alla Madonna del Ponte<\/b> a cui sono dedicate le\u00a0Feste di settembre che<b> <\/b>assumono, in quest\u2019anno giubilare, un significato ancora pi\u00f9 importante.<\/p>\n<p class=\"p3\">\u201cSiamo agli sgoccioli di quest&#8217;anno speciale che la chiesa dedica alla Speranza\u201d, riflette <b>l\u2019arcivescovo di Lanciano-Ortona Emidio Cipollone<\/b>, \u201ce vivere questi giorni di grazia incontrando e meditando su Maria, la Donna per eccellenza della Speranza, deve portare anche noi ad essere uomini e donne di speranza in una societ\u00e0, in un mondo straziato da una serie drammatica di guerre che portano fame, malattie, distruzione e morte ma che ha bisogno oggi pi\u00f9 che mai di ritrovare la luce e la strada per vivere nel solco della Pace della vita e della solidariet\u00e0 verso chi soffre.<\/p>\n<p class=\"p3\">La Vergine, che noi veneriamo come <i>Madonna del Ponte<\/i> e <i>Regina del Popolo Frentano<\/i>, \u00e8 anche modello, per ciascuno di noi, di Carit\u00e0 perch\u00e9 non rimaniamo immobili a contemplare narcisisticamente la nostra immagine, perch\u00e9 non confondiamo, come diceva Papa Francesco, la nostra felicit\u00e0 con un comodo divano e perch\u00e9 non rimaniamo, intrappolati e prigionieri, nelle varie <i>reti<\/i>. Come lei, anche noi, dobbiamo essere, sempre <i>in uscita<\/i>, proiettati verso l\u2019esterno, verso Dio e verso gli altri, specialmente coloro che abitano le periferie, materiali ed esistenziali.<\/p>\n<p class=\"p3\">Certamente siamo tutti consapevoli che non possiamo risolvere i problemi del mondo intero; per\u00f2, possiamo iniziare da quelli di casa nostra, della nostra scuola, del nostro posto di lavoro, del nostro territorio, della nostra comunit\u00e0 ecclesiale. E possiamo farlo subito\u201d.<\/p>\n<p class=\"p3\">Durante la Novena, in programma da domani al 6 settembre in Cattedrale, alle 18.30, con l\u2019arcivescovo ci sar\u00e0 <b>don Davide Cito<\/b>, vice rettore della pontificia Universit\u00e0 della Santa Croce e Consultore della Congregazione per l\u2019educazione Cattolica, che aiuter\u00e0 i presenti a riscoprire la figura di Maria quale Donna, Madre e Regina.<\/p>\n<p class=\"p3\">\u201cInvito tutti a partecipare alla novena mantenendo cos\u00ec anche una tradizione tanto cara ai nostri avi\u201d, chiude Cipollone. \u201cImpegniamoci a coniugare l&#8217;aspetto religioso e quello civile delle Feste, a riscoprire l&#8217;originalit\u00e0 delle belle tradizioni come il Dono, ad imitare nella \u201cNottata\u201d la fede di coloro che attesero con trepidazione l&#8217;incoronazione della loro protettrice e a vivere la processione della Madonna del Ponte come un vero atto di testimonianza di fede.<\/p>\n<p class=\"p3\">Feste che saranno speciali inoltre per due eventi che coinvolgono la nostra comunit\u00e0: la consacrazione<span class=\"Apple-converted-space\">\u00a0 <\/span>di Stefania Pasquini all\u2019 <i>Ordo Virginum<\/i> con cerimonia nella Cattedrale della Madonna del ponte il 13 settembre alle 18, e l\u2019ammissione agli ordini di Andrea D\u2019Orazio, domenica 14 settembre alle 19 nella chiesa di Santa Maria Maggiore a Lanciano, messa in cui si celebrer\u00e0 anche il terzo compleanno della Cappellania scolastica\u201d.<\/p>\n<p class=\"p4\">\u00a0<\/p>\n<p class=\"p3\">Programma religioso 2025:<\/p>\n<p class=\"p3\"><b>Dal 29 agosto al 6 settembre<\/b> Solenne Novena: alle 18:30 in Cattedrale preghiere e a seguire i Vespri pontificali con riflessioni<\/p>\n<p class=\"p3\">Domenica 7 settembre vigilia della Nativit\u00e0 di Maria: vespri alle 18:30<\/p>\n<p class=\"p3\"><b>Luned\u00ec 8 settembre<\/b> nativit\u00e0 della Beata Vergine Maria Madonna del Ponte e patrona della citt\u00e0 e dell&#8217;arcidiocesi: messe alle 7, 8:30 e alle 11.30 celebrazione del vescovo e attesa del Dono. Alle 18 affidamento a Maria Santissima dei neonati e benedizione di S.E. Cipollone. Alle 18:30 messa vespertina.<\/p>\n<p class=\"p3\">Dal 10 al 12 settembre Solenni Quarantore.<\/p>\n<p class=\"p3\"><b>Sabato 13 settembre<\/b> ore 18, cattedrale Madonna del Ponte consacrazione <i>Ordo Virginum<\/i> di Stefania Pasquini.<\/p>\n<p class=\"p3\"><strong>Domenica 14, luned\u00ec 15 e marted\u00ec 16 settembre<\/strong> sono i tre giorni pi\u00f9 intesi e quelli strettamente legati all\u2019Incoronazione della Madonna del Ponte e del Bambino avvenuta nel 1833.<span class=\"Apple-converted-space\">\u00a0 <\/span><b>Domenica14 settembre<\/b>, Esaltazione della Croce, alle 4.30 santa messa celebrata dall\u2019arcivescovo Emidio Cipollone in Cattedrale, a seguire messe alle ore 7 &#8211; 8.30 &#8211; 10.30 &#8211; 18.30. Alle 19 nella chiesa di Santa Maria Maggiore ammissione agli ordini di Andrea D\u2019Orazio.<\/p>\n<p class=\"p3\"><b>Luned\u00ec 15 settembre<\/b>, giorno della beata Vergine Maria Addolorata, messe in Cattedrale, che resta aperta per il saluto dei fedeli, alle ore 7 &#8211; 8.30 &#8211; 10.30 &#8211; 18.30.<\/p>\n<p class=\"p3\"><b>Luned\u00ec 16 settembre<\/b>, giorno dedicato a Maria Regina del popolo frentano messe celebrate alle ore 7 &#8211; 8.30 &#8211; 10.30. Alle 18.30 la santa messa celebrata da Monsignor Cipollone e a seguire processione della Madonna per le vie cittadine<span class=\"s2\">.\u00a0<\/span><\/p>\n<p>\u00a0<\/p>\n<p>Teresa Di Rocco<\/p>\n","protected":false},"excerpt":{"rendered":"","protected":false},"author":1,"featured_media":5839,"comment_status":"closed","ping_status":"closed","sticky":false,"template":"","format":"standard","meta":{"_et_pb_use_builder":"off","_et_pb_old_content":"","_et_gb_content_width":"","footnotes":""},"categories":[11],"tags":[],"class_list":["post-5837","post","type-post","status-publish","format-standard","has-post-thumbnail","hentry","category-news"],"_links":{"self":[{"href":"https:\/\/diocesilanciano.it\/index.php?rest_route=\/wp\/v2\/posts\/5837","targetHints":{"allow":["GET"]}}],"collection":[{"href":"https:\/\/diocesilanciano.it\/index.php?rest_route=\/wp\/v2\/posts"}],"about":[{"href":"https:\/\/diocesilanciano.it\/index.php?rest_route=\/wp\/v2\/types\/post"}],"author":[{"embeddable":true,"href":"https:\/\/diocesilanciano.it\/index.php?rest_route=\/wp\/v2\/users\/1"}],"replies":[{"embeddable":true,"href":"https:\/\/diocesilanciano.it\/index.php?rest_route=%2Fwp%2Fv2%2Fcomments&post=5837"}],"version-history":[{"count":0,"href":"https:\/\/diocesilanciano.it\/index.php?rest_route=\/wp\/v2\/posts\/5837\/revisions"}],"wp:featuredmedia":[{"embeddable":true,"href":"https:\/\/diocesilanciano.it\/index.php?rest_route=\/"}],"wp:attachment":[{"href":"https:\/\/diocesilanciano.it\/index.php?rest_route=%2Fwp%2Fv2%2Fmedia&parent=5837"}],"wp:term":[{"taxonomy":"category","embeddable":true,"href":"https:\/\/diocesilanciano.it\/index.php?rest_route=%2Fwp%2Fv2%2Fcategories&post=5837"},{"taxonomy":"post_tag","embeddable":true,"href":"https:\/\/diocesilanciano.it\/index.php?rest_route=%2Fwp%2Fv2%2Ftags&post=5837"}],"curies":[{"name":"wp","href":"https:\/\/api.w.org\/{rel}","templated":true}]}}