{"id":5790,"date":"2025-06-06T20:43:25","date_gmt":"2025-06-06T18:43:25","guid":{"rendered":"http:\/\/www.diocesilanciano.it\/?p=5790"},"modified":"2025-06-06T20:43:25","modified_gmt":"2025-06-06T18:43:25","slug":"la-lunga-notte-delle-chiese","status":"publish","type":"post","link":"https:\/\/diocesilanciano.it\/?p=5790","title":{"rendered":"la lunga notte delle chiese"},"content":{"rendered":"\n<p class=\"s29\"><span class=\"s27\">Arte e fede, cultura, riflessioni e spiritualit\u00e0, musica<\/span><span class=\"s27\"> e<\/span><span class=\"s27\"> cori all\u2019interno di alcune chiese di Lanciano si fonderanno <\/span><span class=\"s28\">venerd\u00ec 6 giugno a partire dalle ore 20<\/span><span class=\"s27\">, in occasione della<\/span> <span class=\"s28\">\u201cLunga notte delle Chiese\u201d<\/span><span class=\"s27\">, la grande notte bianca che si svolge all\u2019interno dei luoghi di culto della citt\u00e0 giunta alla sua decima edizione. <\/span><\/p>\n<p class=\"s29\"><span class=\"s27\">L\u2019evento, nazionale, in citt\u00e0 \u00e8 organizzato dall\u2019Arcidiocesi di Lanciano-Ortona con la collaborazione dalle associazioni Amici di Lancianovecchia, <\/span><span class=\"s27\">A<\/span><span class=\"s27\">mici del presepio e La Santa Casa, i cori CAI di Lanciano, <\/span><span class=\"s27\">Quadrivium<\/span> <span class=\"s27\">di Lanciano\/Sant\u2019Apollinare <\/span><span class=\"s27\">e <\/span><span class=\"s27\">Histonium<\/span> <span class=\"s27\">di Vasto, <\/span><span class=\"s27\">con il patrocinio del Comune di Lanciano e vedr\u00e0 protagoniste le <\/span><span class=\"s28\">chiese di<\/span> <span class=\"s28\">San Nicola, Sant\u2019Agostino e Santa Maria Maggiore<\/span><span class=\"s27\"> con concerti e visite a mostre e tesori custoditi all\u2019interno <\/span><span class=\"s27\">come <\/span><span class=\"s27\">gli <\/span><span class=\"s27\">affreschi <\/span><span class=\"s27\">del XIII sec. d.C. a S<\/span><span class=\"s27\">a<\/span><span class=\"s27\">n<\/span><span class=\"s27\">N<\/span><span class=\"s27\">icola <\/span><span class=\"s27\">e la C<\/span><span class=\"s27\">roce <\/span><span class=\"s27\">processionale del 1422 appena restaurata <\/span><span class=\"s27\">di <\/span><span class=\"s27\">N<\/span><span class=\"s27\">icola <\/span><span class=\"s27\">da Guardiagrele a Santa Maria Maggiore <\/span><span class=\"s27\">e le <\/span><span class=\"s28\">chiese di San Biagio, Santa Giovina e Santa Lucia <\/span><span class=\"s27\">per visite e preghiere. <\/span><\/p>\n<p class=\"s29\"><span class=\"s27\">\u201cAbbracciami \u201c \u00e8 il tema di questa lunga notte <\/span><span class=\"s27\">bianca <\/span><span class=\"s27\">in cui le chiese aprono le porte alla comunit\u00e0 tutta, si inserisc<\/span><span class=\"s27\">ono <\/span><span class=\"s27\">nelle iniziative culturali e sociali della citt\u00e0<\/span><span class=\"s27\">.<\/span> <span class=\"s27\">Tema che prende<\/span> <span class=\"s27\">spunto dalla Bibbia e dal Vangelo di Luca<\/span><span class=\"s27\">, dall<\/span><span class=\"s27\">a parabola<\/span> <span class=\"s27\">del figlio<\/span><span class=\"s27\">l<\/span><span class=\"s27\">prodigo <\/span><span class=\"s27\">e del Padre che <\/span><span class=\"s27\">va incontro ad entrambi i figli<\/span><span class=\"s27\">: <\/span><span class=\"s27\">abbraccia il figlio ribelle, ma anche il <\/span><span class=\"s27\">figlio maggiore obbediente<\/span><span class=\"s27\">, <\/span><span class=\"s27\">un Padre che perdona senza fare domande\u00a0e parla di un amore che \u00e8 esistito prima ancora che fosse possibile qualsiasi rifiuto e star\u00e0 ancora l\u00ec dopo che tutti rifiuti si saranno consumati.<\/span><\/p>\n<p class=\"s29\"><span class=\"s27\">\u201c<\/span><span class=\"s27\">Oggi la nostra comunit\u00e0<\/span><span class=\"s27\">\u201d, dice il vicario generale <\/span><span class=\"s27\">della diocesi di Lanciano- Ortona <\/span><span class=\"s28\">don Angelo Giordano<\/span><span class=\"s27\">, \u201c<\/span><span class=\"s27\">ha un grande bisogno di un Padre <\/span><span class=\"s27\">dalle braccia aperte pronte ad accogliere i figli, \u201ctutti, tutti, tutti\u201d (cit. Papa Francesco). <\/span><span class=\"s27\">L\u2019abbraccio non solo come un semplice gesto, ma<\/span><span class=\"s27\"> un paradigma di vita<\/span> <span class=\"s27\">che guarisce<\/span><span class=\"s27\">,<\/span><span class=\"s27\"> consola <\/span><span class=\"s27\">e d\u00e0 <\/span><span class=\"s27\">am<\/span><span class=\"s27\">ore.<\/span><\/p>\n<p class=\"s29\"><span class=\"s27\">Abbraccio come ricostruzione <\/span><span class=\"s27\">del <\/span><span class=\"s27\">tessuto sociale caratterizzato<\/span><span class=\"s27\">,<\/span> <span class=\"s27\">anche<\/span> <span class=\"s27\">nella<\/span><span class=\"s27\"> no<\/span><span class=\"s27\">s<\/span><span class=\"s27\">t<\/span><span class=\"s27\">r<\/span><span class=\"s27\">a citt\u00e0<\/span><span class=\"s27\">,<\/span><span class=\"s27\"> da tensioni, vio<\/span><span class=\"s27\">l<\/span><span class=\"s27\">enze tra giovanissimi<\/span><span class=\"s27\"> e incomprensioni culturali con le<\/span><span class=\"s27\">comunit\u00e0 straniere. Spess<\/span><span class=\"s27\">o<\/span><span class=\"s27\"> le no<\/span><span class=\"s27\">s<\/span><span class=\"s27\">tre chiese sono in quartieri abitati da persone che arrivano da ogni parte del mond<\/span><span class=\"s27\">o come Santo Domingo, Tunisia, Albania, Romania, est Europa<\/span><span class=\"s27\"> ed \u00e8 quindi necessario riflettere <\/span><span class=\"s27\">e fare passi concreti verso <\/span><span class=\"s27\">l<\/span><span class=\"s27\">\u2019<\/span><span class=\"s27\">integrazione<\/span><span class=\"s27\"> e l\u2019accoglienza<\/span><span class=\"s27\">\u201d<\/span><span class=\"s27\">. <\/span><\/p>\n<p class=\"s29\">\u00a0<\/p>\n<p class=\"s29\">\u00a0<\/p>\n<p class=\"s29\"><span class=\"s27\">PROGRAMMA di VENERD<\/span><span class=\"s27\">I\u2019<\/span><span class=\"s27\"> 6 GIUGNO<\/span><span class=\"s27\"> 2025<\/span><\/p>\n<p class=\"s29\"><span class=\"s28\">Alle 20 nella Chiesa di Sant<\/span><span class=\"s28\">\u2019<\/span><span class=\"s28\">Agostino<\/span><span class=\"s27\">: \u201cIl coro CAI abbraccia Lancianovecchia\u201d, concerto alla riscoperta dei brani popolari delle montagne abruzzese attraverso i canti e le musiche armonizzate dal direttore maestro Nicola Gaeta. Nella cappella dei Santi Simone <\/span><span class=\"s27\">e <\/span><span class=\"s27\">Giuda mostra documentario sul madrigale in Abruzzo nei secoli <\/span><span class=\"s27\">XVI e XVII.<\/span><\/p>\n<p class=\"s29\"><span class=\"s28\">Alle 21:00 nella Chiesa di San Nicola<\/span><span class=\"s27\">: \u201cUna <\/span><span class=\"s27\">S<\/span><span class=\"s27\">acca tutta per s\u00e9. Voci di <\/span><span class=\"s27\">pellegrine<\/span><span class=\"s27\">tra passato e presente\u201d. Letture musicali tratte da: Itinerarium <\/span><span class=\"s27\">Egeriae<\/span><span class=\"s27\">, The book of Margery <\/span><span class=\"s27\">Kempe<\/span><span class=\"s27\">, Nel paese di Ges\u00f9 di Matilde Serao, Testimonianza attuale di una pellegrina dei nostri giorni. Letture: Antonella Festa, Donatella Iannone Bruni Voci: Alice Cipollone, Giusy Angelica Di Nardo, Elisabetta Gaeta<\/span><span class=\"s27\">.<\/span><span class=\"s27\"> Musica: Francesca Piccirilli, Claudia La Mantia<\/span><span class=\"s27\">.<\/span><\/p>\n<p class=\"s29\"><span class=\"s28\">Alle 22 Chiesa di Santa Maria Maggiore<\/span><span class=\"s28\">:<\/span><span class=\"s27\"> \u201c<\/span><span class=\"s27\">Civitanote<\/span><span class=\"s27\">. Note in coro a Civitanova\u201d. I cori polifonici <\/span><span class=\"s27\">Quadrivium<\/span><span class=\"s27\">\u00a0 e\u00a0\u00a0<\/span><span class=\"s27\">Histonium<\/span><span class=\"s27\"> Bernardino <\/span><span class=\"s27\">Lupacchino<\/span><span class=\"s27\"> dal Vasto\u201d<\/span><span class=\"s27\">propongono una serata di musica corale con repertorio sacro.\u00a0 Coro polifonico <\/span><span class=\"s27\">Quadrivium<\/span><span class=\"s27\"> \u2013<\/span><span class=\"s27\">che nasce dalla fusione del Coro Ippolito Sabino di Lanciano e <\/span><span class=\"s27\">del<\/span><span class=\"s27\">la Schola <\/span><span class=\"s27\">Cantorum<\/span><span class=\"s27\"> Madonna delle <\/span><span class=\"s27\">G<\/span><span class=\"s27\">razie di Sant\u2019Apollinare<\/span><span class=\"s27\">-,<\/span> <span class=\"s27\">d<\/span><span class=\"s27\">irettori: M\u00b0\u00a0Patricia <\/span><span class=\"s27\">Demol<\/span><span class=\"s27\"> e\u00a0 <\/span><span class=\"s27\">M\u00b0Giovanni<\/span><span class=\"s27\"> de Nobile. Dirigono il coro:\u00a0 <\/span><span class=\"s27\">M\u00b0Patricia<\/span> <span class=\"s27\">Demol<\/span><span class=\"s27\"> e\u00a0 <\/span><span class=\"s27\">M\u00b0Massimina<\/span><span class=\"s27\"> Spinelli<\/span><span class=\"s27\">. <\/span><span class=\"s27\">Musiche di Padre Octavio Michel Corona e rinascimentali.<\/span><\/p>\n<p class=\"s29\"><span class=\"s27\">Coro polifonico <\/span><span class=\"s27\">Histonium<\/span> <span class=\"s27\">\u201c<\/span><span class=\"s27\">Bernardino <\/span><span class=\"s27\">Lupacchino<\/span><span class=\"s27\"> dal Vasto\u201d<\/span><span class=\"s27\">, d<\/span><span class=\"s27\">irettore: <\/span><span class=\"s27\">M\u00b0Luigi<\/span><span class=\"s27\">Di Tullio Musiche di De Victoria, <\/span><span class=\"s27\">Kodaly<\/span><span class=\"s27\">, <\/span><span class=\"s27\">Caraba<\/span><span class=\"s27\">, Scattolin, Di Piazza.<\/span><\/p>\n<p class=\"s29\"><span class=\"s27\">All\u2019interno della chiesa sar\u00e0 possibile visitare la restaurata Croce processionale di Nicola da Guardiagrele.<\/span><\/p>\n<p class=\"s29\"><span class=\"s28\">Dalle ore 20:00 <\/span><span class=\"s28\">nella <\/span><span class=\"s28\">chiesa <\/span><span class=\"s28\">di S<\/span><span class=\"s28\">anta Giovina <\/span><span class=\"s27\">in<\/span> <span class=\"s27\">Largo<\/span> <span class=\"s27\">D<\/span><span class=\"s27\">ell<\/span><span class=\"s27\">\u2019A<\/span><span class=\"s27\">ppello visita <\/span><span class=\"s27\">al<\/span><span class=\"s27\">la mostra dei presepi dell&#8217;associazione Italiana Amici del presepio<\/span><span class=\"s27\">. A<\/span><span class=\"s27\">perte per visite \u00a0e preghiere le <\/span><span class=\"s28\">Chies<\/span><span class=\"s28\">e<\/span><span class=\"s28\"> di Santa Lucia <\/span><span class=\"s28\">e<\/span><span class=\"s28\"> di San Biagio<\/span><span class=\"s28\">.<\/span><\/p>\n<p class=\"s30\">\u00a0<\/p>\n\n\n\n<figure class=\"wp-block-image size-large\"><img decoding=\"async\" src=\"http:\/\/www.diocesilanciano.it\/wp-content\/uploads\/sites\/23\/2025\/06\/notte-chiese-724x1024.jpeg\" alt=\"\" class=\"wp-image-5793\"\/><\/figure>\n\n\n\n<figure class=\"wp-block-image size-large\"><img decoding=\"async\" src=\"http:\/\/www.diocesilanciano.it\/wp-content\/uploads\/sites\/23\/2025\/06\/notte-san-biagio-459x1024.jpeg\" alt=\"\" class=\"wp-image-5791\"\/><\/figure>\n\n\n\n<figure class=\"wp-block-image size-large\"><img decoding=\"async\" src=\"http:\/\/www.diocesilanciano.it\/wp-content\/uploads\/sites\/23\/2025\/06\/notte-1024x768.jpeg\" alt=\"\" class=\"wp-image-5792\"\/><\/figure>\n","protected":false},"excerpt":{"rendered":"","protected":false},"author":1,"featured_media":5793,"comment_status":"closed","ping_status":"closed","sticky":false,"template":"","format":"standard","meta":{"_et_pb_use_builder":"off","_et_pb_old_content":"","_et_gb_content_width":"","footnotes":""},"categories":[11],"tags":[],"class_list":["post-5790","post","type-post","status-publish","format-standard","has-post-thumbnail","hentry","category-news"],"_links":{"self":[{"href":"https:\/\/diocesilanciano.it\/index.php?rest_route=\/wp\/v2\/posts\/5790","targetHints":{"allow":["GET"]}}],"collection":[{"href":"https:\/\/diocesilanciano.it\/index.php?rest_route=\/wp\/v2\/posts"}],"about":[{"href":"https:\/\/diocesilanciano.it\/index.php?rest_route=\/wp\/v2\/types\/post"}],"author":[{"embeddable":true,"href":"https:\/\/diocesilanciano.it\/index.php?rest_route=\/wp\/v2\/users\/1"}],"replies":[{"embeddable":true,"href":"https:\/\/diocesilanciano.it\/index.php?rest_route=%2Fwp%2Fv2%2Fcomments&post=5790"}],"version-history":[{"count":0,"href":"https:\/\/diocesilanciano.it\/index.php?rest_route=\/wp\/v2\/posts\/5790\/revisions"}],"wp:featuredmedia":[{"embeddable":true,"href":"https:\/\/diocesilanciano.it\/index.php?rest_route=\/"}],"wp:attachment":[{"href":"https:\/\/diocesilanciano.it\/index.php?rest_route=%2Fwp%2Fv2%2Fmedia&parent=5790"}],"wp:term":[{"taxonomy":"category","embeddable":true,"href":"https:\/\/diocesilanciano.it\/index.php?rest_route=%2Fwp%2Fv2%2Fcategories&post=5790"},{"taxonomy":"post_tag","embeddable":true,"href":"https:\/\/diocesilanciano.it\/index.php?rest_route=%2Fwp%2Fv2%2Ftags&post=5790"}],"curies":[{"name":"wp","href":"https:\/\/api.w.org\/{rel}","templated":true}]}}