{"id":5763,"date":"2025-04-21T23:14:12","date_gmt":"2025-04-21T21:14:12","guid":{"rendered":"https:\/\/www.diocesilanciano.it\/?p=5763"},"modified":"2025-04-21T23:14:12","modified_gmt":"2025-04-21T21:14:12","slug":"la-chiesa-di-lanciano-ortona-prega-per-papa-francesco","status":"publish","type":"post","link":"https:\/\/diocesilanciano.it\/?p=5763","title":{"rendered":"La Chiesa di Lanciano-Ortona prega per Papa Francesco\u00a0"},"content":{"rendered":"\n<p class=\"p1\"><span class=\"s1\">\u201c<\/span>Alla notizia della morte di Papa Francesco migliaia di parole e di immagini si sono affollate nella mia mente e nel mio cuore, ma credo che prima di ogni parola e di ogni immagine il primo ricordo e messaggio che il Papa ci ha lasciato viene dal nome che ha scelto: Francesco. In questo nome c\u2019\u00e8 gi\u00e0 tutto: c\u2019\u00e8 il rispetto del creato, c\u2019\u00e8 la fraternit\u00e0 universale; c\u2019\u00e8 l\u2019annuncio della gioia e della letizia; ci sono la misericordia e il perdono;<span class=\"Apple-converted-space\">\u00a0 <\/span>c\u2019\u00e8 la rinuncia alla logica della competizione per abbracciare quella della condivisione e della corresponsabilit\u00e0. Vorrei per\u00f2 lasciarvi le frasi che il Papa ha detto nelle due volte che \u00e8 venuto nella nostra regione ecclesiastica: in Molise ai giovani e a L\u2019Aquila in occasione della perdonanza.<\/p>\n<p class=\"p1\">Ai giovani Papa Francesco disse: \u201cNon lasciatevi rubare il desiderio di costruire nella vostra vita cose grandi e solide: \u00e8 questo che vi porta avanti. Non accontentatevi di piccole mete! Aspirate alla felicit\u00e0, abbiatene il coraggio, il coraggio di uscire da voi stessi, di giocare il vostro futuro insieme a Ges\u00f9\u201d. E a L\u2019Aquila il Papa ha invitato la Chiesa ad \u201cessere libera da logiche mondane e pienamente testimone di quel nome di Dio che \u00e8 Misericordia\u201d.<\/p>\n<p class=\"p2\">Queste alcune riflessioni e ricordi <b>dell\u2019arcivescovo Emidio Cipollone<\/b> sulla morte di Papa Francesco verso<span class=\"Apple-converted-space\">\u00a0 <\/span>il quale la diocesi rivolge preghiere e celebrazioni.<\/p>\n<p class=\"p2\"><b>-Domani, Marted\u00ec 22 aprile, alle ore 21<\/b> la Cappellania Scolastica con S.E. Monsignor Cipollone celebrer\u00e0 una <b>veglia di preghiera<\/b> per il Pontefice in Largo Dell\u2019Appello (in caso di pioggia la veglia sar\u00e0 nella Chiesa del Purgatorio): \u201cVogliamo celebrare la veglia laddove Papa Francesco ha voluto che la Chiesa operasse: nelle piazze e nelle strade, nella vita di tutti i giorni\u201d.<\/p>\n<p class=\"p2\"><b> -Gioved\u00ec 24 aprile nella Concattedrale di San Tommaso Apostolo ad Ortona, alle ore 19<\/b>, dopo la novena, ci sar\u00e0 la <b>santa messa diocesana <\/b>in ricordo di Papa Francesco celebrata dall\u2019arcivescovo.<\/p>\n<p class=\"p2\">-Sar\u00e0 infine <b>rimandato il Giubileo Diocesano<\/b> previsto per il prossimo 10 maggio 2025, all\u201911 ottobre 2025.<\/p>\n","protected":false},"excerpt":{"rendered":"","protected":false},"author":1,"featured_media":5764,"comment_status":"closed","ping_status":"closed","sticky":false,"template":"","format":"standard","meta":{"_et_pb_use_builder":"off","_et_pb_old_content":"","_et_gb_content_width":"","footnotes":""},"categories":[11],"tags":[],"class_list":["post-5763","post","type-post","status-publish","format-standard","has-post-thumbnail","hentry","category-news"],"_links":{"self":[{"href":"https:\/\/diocesilanciano.it\/index.php?rest_route=\/wp\/v2\/posts\/5763","targetHints":{"allow":["GET"]}}],"collection":[{"href":"https:\/\/diocesilanciano.it\/index.php?rest_route=\/wp\/v2\/posts"}],"about":[{"href":"https:\/\/diocesilanciano.it\/index.php?rest_route=\/wp\/v2\/types\/post"}],"author":[{"embeddable":true,"href":"https:\/\/diocesilanciano.it\/index.php?rest_route=\/wp\/v2\/users\/1"}],"replies":[{"embeddable":true,"href":"https:\/\/diocesilanciano.it\/index.php?rest_route=%2Fwp%2Fv2%2Fcomments&post=5763"}],"version-history":[{"count":0,"href":"https:\/\/diocesilanciano.it\/index.php?rest_route=\/wp\/v2\/posts\/5763\/revisions"}],"wp:featuredmedia":[{"embeddable":true,"href":"https:\/\/diocesilanciano.it\/index.php?rest_route=\/"}],"wp:attachment":[{"href":"https:\/\/diocesilanciano.it\/index.php?rest_route=%2Fwp%2Fv2%2Fmedia&parent=5763"}],"wp:term":[{"taxonomy":"category","embeddable":true,"href":"https:\/\/diocesilanciano.it\/index.php?rest_route=%2Fwp%2Fv2%2Fcategories&post=5763"},{"taxonomy":"post_tag","embeddable":true,"href":"https:\/\/diocesilanciano.it\/index.php?rest_route=%2Fwp%2Fv2%2Ftags&post=5763"}],"curies":[{"name":"wp","href":"https:\/\/api.w.org\/{rel}","templated":true}]}}