{"id":5757,"date":"2025-04-11T20:33:10","date_gmt":"2025-04-11T18:33:10","guid":{"rendered":"http:\/\/www.diocesilanciano.it\/?p=5757"},"modified":"2025-04-11T20:33:10","modified_gmt":"2025-04-11T18:33:10","slug":"appuntamenti-vescovo","status":"publish","type":"post","link":"https:\/\/diocesilanciano.it\/?p=5757","title":{"rendered":"APPUNTAMENTI VESCOVO"},"content":{"rendered":"\n<p>APPUNTAMENTI VESCOVO<\/p>\n\n\n\n<p>\u201cPossiamo immaginare la Via Crucis come un percorso che ci ricorda la passione di Ges\u00f9, in cui pregare e riflettere sulla propria vita, sulle sue difficolt\u00e0 per trovare la forza di superarle ma soprattutto per riflettere e aprirci verso gli ultimi, gli emarginati e mettersi accanto e in ascolto di chi, silenziosamente, porta la propria croce, per non lasciare indietro nessuno\u201d.<br>Cos\u00ec l\u2019arcivescovo di Lanciano-Ortona Emidio Cipollone presenta la Via Crucis cittadina in programma domani, sabato 12 aprile 2025, a Lanciano, organizzata dall\u2019ufficio liturgico dell\u2019arcidiocesi e che apre una settimana densa di appuntamenti soprattutto per il vescovo.<br>Per la via Crucis il raduno \u00e8 alle 20.30 in piazza Dei Frentani (chiesa di San Biagio), poi il percorso guidato da Cipollone, con le quattordici stazioni che descrivono gli episodi salienti della condanna, il supplizio e infine l&#8217;uccisione di Ges\u00f9, si snoda fino in piazza Plebiscito davanti alla Cattedrale della Madonna del Ponte. Presenti le diverse associazioni laicali e religiose che operano in citt\u00e0 e nell\u2019arcidiocesi.<\/p>\n\n\n\n<p>\ud83c\udf34Domenica delle palme, 13 aprile, l\u2019arcivescovo presieder\u00e0 la santa messa delle 10.30 nella Cattedrale della Madonna del Ponte a Lanciano e alle 18 la celebrazione a Santa Chiara in occasione del \u201cRito di vestizione e professione dei novizi\u201d, di 14 confratelli e consorelle che entreranno a far parte dell\u2019Arciconfraternita morte e orazione di San Filippo Neri.<\/p>\n\n\n\n<p>\ud83c\udfb9Luned\u00ec 14 aprile alle 9.30 il vescovo celebrer\u00e0 la santa messa all\u2019istituto Ipsia di Ortona. Alle 21 sar\u00e0 al concerto nella Chiesa di Santa Lucia a Lanciano, a lume di candele, \u201cLa buona Novella\u201d di Fabrizio De Andr\u00e8 a cura di Stefano Barbati per l\u2019arciconfraternita di San Filippo Neri.<\/p>\n\n\n\n<p>\u2055Marted\u00ec 15 aprile alle 10 messa al carcere di Villa Stanazzo.<\/p>\n\n\n\n<p>\u266aMercoled\u00ec 16 aprile alle 11 santa messa all\u2019ospedale Bernabeo di Ortona mentre la sera alle 21 il vescovo sar\u00e0 in cattedrale a Lanciano per il concerto del tradizionale Miserere di Masciangelo eseguito dall\u2019orchestra e coro dell\u2019arciconfraternita San Filippo Neri.<\/p>\n\n\n\n<p>\ud83d\ude4fGioved\u00ec 17 aprile alle 10 santa messa crismale nella Cattedrale della Madonna del Ponte di Lanciano. Pomeriggio alle 19 messa \u201cin coena Domini\u201d nella Cattedrale di San Tommaso ad Ortona. La sera alle 22, a Lanciano, benedizione del Cireneo durante la processione degli Incappucciati dell\u2019arciconfraternita di San Filippo Neri.<\/p>\n\n\n\n<p>\ud83d\ude4fVenerd\u00ec 18 aprile alle 15 azione liturgica in Cattedrale a Lanciano. Alle 20, ad Ortona, Cipollone sar\u00e0 alla processione del simulacro del Cristo morto e della Beata Vergine Maria Addolorata organizzata dall\u2019associazione Passio Chrtisti. Alla processione dell\u2019Effigie del Cristo Morto dell\u2019arciconfraternita San Filippo Neri a Lanciano alle 19 ci sar\u00e0 il vicario generale don Angelo Giordano.<\/p>\n\n\n\n<p>\ud83d\ude4fSabato 19 aprile alle 23 veglia nella cattedrale della Madonna del Ponte a Lanciano.<\/p>\n\n\n\n<p>Domenica 20 aprile, Pasqua di Risurrezione, Cipollone celebrer\u00e0 la messa alle 10.30 nella Cattedrale a Lanciano e sar\u00e0 presente al tradizionale \u201cIncontro dei santi\u201d. Alle 19 messa nella Concattedrale di San Tommaso Apostolo di Ortona.<\/p>\n\n\n\n<p>\u201cSaranno momenti intensi di profonda riflessione e partecipazione comunitaria, attraverso riti religiosi a cui si aggiungono manifestazioni di fede radicate nella storia e nelle tradizioni locali che danno ulteriore valore alla liturgia pasquale che li guida e da cui hanno vita\u201d, commenta il vescovo. \u201cI giorni della settimana santa trovano il loro compimento nel triduo pasquale, preceduto dalla messa crismale, momento di grande incontro di tutta la comunit\u00e0 ecclesiale nella quale si esprimono i vari carismi e ministeri in essa presenti. Triduo che si apre con la messa \u201cin coena Domini\u201d del gioved\u00ec in cui si ricorda l\u2019istituzione dell\u2019Eucaristia e del sacerdozio ministeriale, prosegue con l\u2019azione liturgica e l\u2019adorazione della croce del venerd\u00ec santo e si chiude con la veglia pasquale, madre di tutte le veglie che porta al mattino di Pasqua, che \u00e8 centro e fulcro di ogni comunit\u00e0\u201d.<\/p>\n<p>\u00a0<\/p>\n\n\n\n<figure class=\"wp-block-image size-full\"><img decoding=\"async\" src=\"http:\/\/www.diocesilanciano.it\/wp-content\/uploads\/sites\/23\/2025\/04\/IMG_1340.jpeg\" alt=\"\" class=\"wp-image-5759\"\/><\/figure>\n","protected":false},"excerpt":{"rendered":"<p>APPUNTAMENTI VESCOVO \u201cPossiamo immaginare la Via Crucis come un percorso che ci ricorda la passione di Ges\u00f9, in cui pregare e riflettere sulla propria vita, sulle sue difficolt\u00e0 per trovare [&hellip;]<\/p>\n","protected":false},"author":1,"featured_media":5759,"comment_status":"closed","ping_status":"closed","sticky":false,"template":"","format":"standard","meta":{"_et_pb_use_builder":"off","_et_pb_old_content":"","_et_gb_content_width":"","footnotes":""},"categories":[11],"tags":[],"class_list":["post-5757","post","type-post","status-publish","format-standard","has-post-thumbnail","hentry","category-news"],"_links":{"self":[{"href":"https:\/\/diocesilanciano.it\/index.php?rest_route=\/wp\/v2\/posts\/5757","targetHints":{"allow":["GET"]}}],"collection":[{"href":"https:\/\/diocesilanciano.it\/index.php?rest_route=\/wp\/v2\/posts"}],"about":[{"href":"https:\/\/diocesilanciano.it\/index.php?rest_route=\/wp\/v2\/types\/post"}],"author":[{"embeddable":true,"href":"https:\/\/diocesilanciano.it\/index.php?rest_route=\/wp\/v2\/users\/1"}],"replies":[{"embeddable":true,"href":"https:\/\/diocesilanciano.it\/index.php?rest_route=%2Fwp%2Fv2%2Fcomments&post=5757"}],"version-history":[{"count":0,"href":"https:\/\/diocesilanciano.it\/index.php?rest_route=\/wp\/v2\/posts\/5757\/revisions"}],"wp:featuredmedia":[{"embeddable":true,"href":"https:\/\/diocesilanciano.it\/index.php?rest_route=\/"}],"wp:attachment":[{"href":"https:\/\/diocesilanciano.it\/index.php?rest_route=%2Fwp%2Fv2%2Fmedia&parent=5757"}],"wp:term":[{"taxonomy":"category","embeddable":true,"href":"https:\/\/diocesilanciano.it\/index.php?rest_route=%2Fwp%2Fv2%2Fcategories&post=5757"},{"taxonomy":"post_tag","embeddable":true,"href":"https:\/\/diocesilanciano.it\/index.php?rest_route=%2Fwp%2Fv2%2Ftags&post=5757"}],"curies":[{"name":"wp","href":"https:\/\/api.w.org\/{rel}","templated":true}]}}