{"id":5725,"date":"2025-02-03T14:38:13","date_gmt":"2025-02-03T13:38:13","guid":{"rendered":"https:\/\/www.diocesilanciano.it\/?p=5725"},"modified":"2025-02-03T14:38:13","modified_gmt":"2025-02-03T13:38:13","slug":"raccolta-farmaci-progetto-caritas-diocesana-e-farmacia-marciani-magno","status":"publish","type":"post","link":"https:\/\/diocesilanciano.it\/?p=5725","title":{"rendered":"RACCOLTA FARMACI: PROGETTO CARITAS DIOCESANA E FARMACIA MARCIANI MAGNO"},"content":{"rendered":"\n<p>\u00a0<\/p>\n<p>\u00a0\u201cIn questa farmacia puoi lasciare un contributo per chi non pu\u00f2 comprare i farmaci grazie per il tuo gesto.\u00a0 Il tuo dono \u00e8 importante\u201d. E\u2019 il messaggio della locandina che mostra due mani che si scambiano un farmaco che la Farmacia Marciani Magno sas di Piazza Garibaldi espone dopo aver accolto a braccia aperte il progetto della Caritas diocesana di aiutare le famiglie anche nell\u2019acquisto di farmaci. La Caritas di Lanciano-Ortona, con i responsabili Fernando Di Cicco e Carmen Rapino, fa fronte a migliaia di richieste di aiuto che sono cresciute dopo i due anni di Covid ma soprattutto dallo scorso anno ( +65% rispetto al 2023) e tra le emergenze nuove ci sono le richieste di\u00a0<strong>aiuti per le cure mediche<\/strong>, per l&#8217;acquisto dei farmaci, trasporti per raggiungere gli ospedali nei casi di riabilitazione.<\/p>\n<p>\u00a0\u201cNei molti ascolti che facciamo nel Centro Caritas emergono tante persone che rinunciano alle cure mediche perch\u00e9 obbligati a scegliere tra bollette\/affitto da pagare, il pranzo e\/o la cena da consumare l\u2019istruzione dei figli da assicurare\u201d, spiegano Carmen e Fernando. \u201cNel 2024 abbiamo dato contributi per 1.200 euro solo per la sezione farmaci, tralasciando le visite specialistiche e altre voci afferenti la salute. Non \u00e8 semplice affrontare tutto questo, soprattutto quando i farmaci a pagamento diventano la normalit\u00e0, per malattie particolari e non sempre riconosciute dal sistema sanitario nazionale e soprattutto quando poi, in gioco c\u2019\u00e8 la salute dei figli: in questo caso non c\u2019\u00e8 scelta, si lasciano anche le cose essenziali pur di curarli\u201d. La raccolta che lancia la Caritas con la farmacia Marciani Magno va nella direzione di aiutare proprio queste perone. \u00a0Per dare il proprio sostegno all\u2019iniziativa\u00a0 si lascia un contributo, la cifra viene subito contabilizzata con uno \u201cscontrino-buono\u201d che verr\u00e0 conservato in farmacia\u00a0 o, a seconda dei casi, consegnato a Caritas e quindi alle persone che lo utilizzeranno.<\/p>\n<p>\u00a0\u201cStando al banco vediamo spesso le persone rinunciare ad acquistare un farmaco o un integratore perch\u00e9 troppo costoso. \u00c8 una cosa che ci stringe il cuore perch\u00e9 curarsi sta diventando un lusso e non \u00e8 giusto\u201d, commenta la dottoressa Sara Di Cosmo. \u201cLa salute \u00e8 un diritto di tutti. Abbiamo potuto apprezzare in questi anni l&#8217;operato della Caritas diocesana di Lanciano e per questo quando ci hanno proposto di collaborare per avviare questo progetto sperimentale non c&#8217;era altra risposta possibile: un s\u00ec detto con entusiasmo, perch\u00e9 tutelare la salute di tutti \u00e8 la parte pi\u00f9 importante del nostro lavoro. E quale modo migliore di questo per farlo? Siamo sicuri che le persone di Lanciano, e non solo, risponderanno con tanta generosit\u00e0 a questo appello. Un piccolo gesto per noi pu\u00f2 essere un grande aiuto per qualcun&#8217;altro: non diamolo per scontato!\u201d.<\/p>\n<p>\u00a0<\/p>\n<p>\u00a0<\/p>\n<p><u>\u00a0<\/u><\/p>\n<p><u>\u00a0<\/u><\/p>\n<p><u>\u00a0<\/u><\/p>\n<p><u>\u00a0<\/u><\/p>\n<p><u>\u00a0<\/u><\/p>\n<p><u>\u00a0<\/u><\/p>\n<p><u>\u00a0<\/u><\/p>\n<p><u>\u00a0<\/u><\/p>\n<p><u>\u00a0<\/u><\/p>\n<p><u>\u00a0<\/u><\/p>\n<p><u>\u00a0<\/u><\/p>\n<p><u>\u00a0<\/u><\/p>\n<p>\u00a0<\/p>\n<p>Ufficio per le comunicazioni sociali della Chiesa di Lanciano-Ortona<\/p>\n<p>Responsabile \u2013 Teresa Di Rocco 347.9402115<\/p>\n","protected":false},"excerpt":{"rendered":"","protected":false},"author":1,"featured_media":5726,"comment_status":"closed","ping_status":"closed","sticky":false,"template":"","format":"standard","meta":{"_et_pb_use_builder":"off","_et_pb_old_content":"","_et_gb_content_width":"","footnotes":""},"categories":[11],"tags":[],"class_list":["post-5725","post","type-post","status-publish","format-standard","has-post-thumbnail","hentry","category-news"],"_links":{"self":[{"href":"https:\/\/diocesilanciano.it\/index.php?rest_route=\/wp\/v2\/posts\/5725","targetHints":{"allow":["GET"]}}],"collection":[{"href":"https:\/\/diocesilanciano.it\/index.php?rest_route=\/wp\/v2\/posts"}],"about":[{"href":"https:\/\/diocesilanciano.it\/index.php?rest_route=\/wp\/v2\/types\/post"}],"author":[{"embeddable":true,"href":"https:\/\/diocesilanciano.it\/index.php?rest_route=\/wp\/v2\/users\/1"}],"replies":[{"embeddable":true,"href":"https:\/\/diocesilanciano.it\/index.php?rest_route=%2Fwp%2Fv2%2Fcomments&post=5725"}],"version-history":[{"count":0,"href":"https:\/\/diocesilanciano.it\/index.php?rest_route=\/wp\/v2\/posts\/5725\/revisions"}],"wp:featuredmedia":[{"embeddable":true,"href":"https:\/\/diocesilanciano.it\/index.php?rest_route=\/"}],"wp:attachment":[{"href":"https:\/\/diocesilanciano.it\/index.php?rest_route=%2Fwp%2Fv2%2Fmedia&parent=5725"}],"wp:term":[{"taxonomy":"category","embeddable":true,"href":"https:\/\/diocesilanciano.it\/index.php?rest_route=%2Fwp%2Fv2%2Fcategories&post=5725"},{"taxonomy":"post_tag","embeddable":true,"href":"https:\/\/diocesilanciano.it\/index.php?rest_route=%2Fwp%2Fv2%2Ftags&post=5725"}],"curies":[{"name":"wp","href":"https:\/\/api.w.org\/{rel}","templated":true}]}}