{"id":5722,"date":"2025-02-03T14:35:53","date_gmt":"2025-02-03T13:35:53","guid":{"rendered":"https:\/\/www.diocesilanciano.it\/?p=5722"},"modified":"2025-02-03T14:35:53","modified_gmt":"2025-02-03T13:35:53","slug":"giubileo-della-speranza","status":"publish","type":"post","link":"https:\/\/diocesilanciano.it\/?p=5722","title":{"rendered":"Giubileo della Speranza"},"content":{"rendered":"\n<p>Con l\u2019apertura simbolica della porta del Centro di ascolto Caritas di Ortona e con la successiva benedizione, sabato scorso, l\u2019arcivescovo <strong>Emidio Cipollone<\/strong> ha concluso le celebrazioni legate all\u2019apertura dei luoghi giubilari scelti nella diocesi di Lanciano- Ortona. Sono 4 i luoghi: le cattedrali della Madonna del Ponte a Lanciano e San Tommaso Apostolo ad Ortona e poi i due centri Caritas di Lanciano (via Santa Maria Maggiore,1) e Ortona (largo Riccardi).<\/p>\n<p>\u00a0<\/p>\n<p>\u201cSono 4 i luoghi giubilari che ha aperto la diocesi in cui conoscere, accogliere e fare esperienza della Misericordia di Dio\u201d, spiega monsignor Cipollone. \u201cLa porta della cattedrale della Madonna del Ponte a Lanciano, quella della concattedrale di San Tommaso Apostolo a Ortona poi, come il Papa ha scelto un carcere come luogo di speranza, noi abbiamo scelto le porte della Caritas diocesana di Lanciano e del Centro di ascolto Caritas di Ortona per dare voce ai poveri, agli emarginati, valore agli atti di carit\u00e0 perch\u00e9 anche il gesto pi\u00f9 piccolo pu\u00f2 diventare seme di speranza. Una volta si diceva \u201clucrare l\u2019indulgenza\u201d, sembrava l\u2019acquisto del perdono invece \u00e8 un dono gratuito che il Signore concede sempre a tutti, ovunque e in modo speciale in questi luoghi che facilitano chi non pu\u00f2 recarsi fisicamente a Roma.<\/p>\n<p>Attraversando con consapevolezza e responsabilit\u00e0 queste porte, potremo fare esperienza della misericordia di Dio, del suo perdono, della sua tenerezza e diventare pellegrini, annunciatori e testimoni di speranza\u201d.<\/p>\n<p>\u00a0<\/p>\n<p>Nei giorni scorsi monsignor Cipollone ha firmato un decreto in cui sono indicate le quattro porte giubilari aperte per tutta la durata dell&#8217;anno santo, dal 29 dicembre 2024 fino al 28 dicembre 2025 (chiusura), in cui sar\u00e0 concessa ai fedeli che vi vanno in visita l&#8217;indulgenza plenaria. Indicate le condizioni per l\u2019indulgenza come ad esempio la preghiera secondo le intenzioni del Papa, la confessione e la comunione eucaristica.<\/p>\n<p>\u00a0<\/p>\n<p>Per quanto riguarda infine i pellegrinaggi a Roma sono due quelli diocesani: uno a maggio e uno ad ottobre con date da definire. Poi ogni associazione, parrocchia o zona pastorale pu\u00f2 organizzare autonomamente pellegrinaggi e iniziative legate all\u2019anno santo, come ad esempio nella cattedrale della Madonna del Ponte che in occasione del giubileo del Mondo della Comunicazione gioved\u00ec 23 gennaio, alle 18.30, organizzer\u00e0 un incontro di preparazione e poi domenica 26 gennaio alle 18 la santa messa celebrata dal parroco don Milton dedicata agli operatori della comunicazione in occasione della festa di San Francesco di Sales, patrono dei giornalisti.<\/p>\n<p><u>\u00a0<\/u><\/p>\n<p><u>\u00a0<\/u><\/p>\n<p><u>\u00a0<\/u><\/p>\n<p><u>\u00a0<\/u><\/p>\n<p><u>\u00a0<\/u><\/p>\n<p><u>\u00a0<\/u><\/p>\n<p><u>\u00a0<\/u><\/p>\n<p>\u00a0<\/p>\n<p>Ufficio per le comunicazioni sociali della Chiesa di Lanciano-Ortona<\/p>\n<p>Responsabile \u2013 Teresa Di Rocco 347.9402115<\/p>\n\n\n\n<div data-wp-interactive=\"core\/file\" class=\"wp-block-file\"><object data-wp-bind--hidden=\"!state.hasPdfPreview\" hidden class=\"wp-block-file__embed\" data=\"https:\/\/www.diocesilanciano.it\/wp-content\/uploads\/sites\/23\/2025\/02\/Decreto_di_costituzione_luoghi_giubilari_Arcidiocesi_Lanciano_Ortona_Giubileo_2025_prot_6602024_31122024-1.pdf\" type=\"application\/pdf\" style=\"width:100%;height:600px\" aria-label=\"Incorporamento di Decreto_di_costituzione_luoghi_giubilari_Arcidiocesi_Lanciano_Ortona_Giubileo_2025_prot_6602024_31122024 (1).\"><\/object><a id=\"wp-block-file--media-6503e4a9-36e5-4277-8b0f-ac649172bcf1\" href=\"https:\/\/www.diocesilanciano.it\/wp-content\/uploads\/sites\/23\/2025\/02\/Decreto_di_costituzione_luoghi_giubilari_Arcidiocesi_Lanciano_Ortona_Giubileo_2025_prot_6602024_31122024-1.pdf\">Decreto_di_costituzione_luoghi_giubilari_Arcidiocesi_Lanciano_Ortona_Giubileo_2025_prot_6602024_31122024 (1)<\/a><a href=\"https:\/\/www.diocesilanciano.it\/wp-content\/uploads\/sites\/23\/2025\/02\/Decreto_di_costituzione_luoghi_giubilari_Arcidiocesi_Lanciano_Ortona_Giubileo_2025_prot_6602024_31122024-1.pdf\" class=\"wp-block-file__button wp-element-button\" download aria-describedby=\"wp-block-file--media-6503e4a9-36e5-4277-8b0f-ac649172bcf1\">Download<\/a><\/div>\n","protected":false},"excerpt":{"rendered":"","protected":false},"author":1,"featured_media":2407,"comment_status":"closed","ping_status":"closed","sticky":false,"template":"","format":"standard","meta":{"_et_pb_use_builder":"off","_et_pb_old_content":"","_et_gb_content_width":"","footnotes":""},"categories":[11],"tags":[],"class_list":["post-5722","post","type-post","status-publish","format-standard","has-post-thumbnail","hentry","category-news"],"_links":{"self":[{"href":"https:\/\/diocesilanciano.it\/index.php?rest_route=\/wp\/v2\/posts\/5722","targetHints":{"allow":["GET"]}}],"collection":[{"href":"https:\/\/diocesilanciano.it\/index.php?rest_route=\/wp\/v2\/posts"}],"about":[{"href":"https:\/\/diocesilanciano.it\/index.php?rest_route=\/wp\/v2\/types\/post"}],"author":[{"embeddable":true,"href":"https:\/\/diocesilanciano.it\/index.php?rest_route=\/wp\/v2\/users\/1"}],"replies":[{"embeddable":true,"href":"https:\/\/diocesilanciano.it\/index.php?rest_route=%2Fwp%2Fv2%2Fcomments&post=5722"}],"version-history":[{"count":0,"href":"https:\/\/diocesilanciano.it\/index.php?rest_route=\/wp\/v2\/posts\/5722\/revisions"}],"wp:featuredmedia":[{"embeddable":true,"href":"https:\/\/diocesilanciano.it\/index.php?rest_route=\/wp\/v2\/media\/2407"}],"wp:attachment":[{"href":"https:\/\/diocesilanciano.it\/index.php?rest_route=%2Fwp%2Fv2%2Fmedia&parent=5722"}],"wp:term":[{"taxonomy":"category","embeddable":true,"href":"https:\/\/diocesilanciano.it\/index.php?rest_route=%2Fwp%2Fv2%2Fcategories&post=5722"},{"taxonomy":"post_tag","embeddable":true,"href":"https:\/\/diocesilanciano.it\/index.php?rest_route=%2Fwp%2Fv2%2Ftags&post=5722"}],"curies":[{"name":"wp","href":"https:\/\/api.w.org\/{rel}","templated":true}]}}