{"id":5686,"date":"2024-09-19T14:43:23","date_gmt":"2024-09-19T12:43:23","guid":{"rendered":"https:\/\/www.diocesilanciano.it\/?p=5686"},"modified":"2024-09-19T14:43:23","modified_gmt":"2024-09-19T12:43:23","slug":"caritas-una-speranza-che-non-delude","status":"publish","type":"post","link":"https:\/\/diocesilanciano.it\/?p=5686","title":{"rendered":"CARITAS: \u201cUNA SPERANZA CHE NON DELUDE\u201d"},"content":{"rendered":"\n<figure class=\"wp-block-gallery has-nested-images columns-default is-cropped wp-block-gallery-1 is-layout-flex wp-block-gallery-is-layout-flex\">\n<figure class=\"wp-block-image size-large\"><img decoding=\"async\" data-id=\"5689\" src=\"https:\/\/www.diocesilanciano.it\/wp-content\/uploads\/sites\/23\/2024\/09\/caritas-683x1024.jpg\" alt=\"\" class=\"wp-image-5689\"\/><\/figure>\n\n\n\n<figure class=\"wp-block-image size-large\"><img decoding=\"async\" data-id=\"5688\" src=\"https:\/\/www.diocesilanciano.it\/wp-content\/uploads\/sites\/23\/2024\/09\/pacchi-caritas-768x1024.jpg\" alt=\"\" class=\"wp-image-5688\"\/><\/figure>\n\n\n\n<figure class=\"wp-block-image size-large\"><img decoding=\"async\" data-id=\"5687\" src=\"https:\/\/www.diocesilanciano.it\/wp-content\/uploads\/sites\/23\/2024\/09\/fernando-e-carmen.jpg\" alt=\"\" class=\"wp-image-5687\"\/><\/figure>\n<\/figure>\n\n\n\n<p><\/p>\n\n\n\n<p>\u201cOgni giorno per noi \u00e8 particolare, ci sono persone e famiglie da accogliere e ascoltare, da aiutare\u201d: con queste parole e il sorriso rassicurante che li contraddistingue <strong>Fernando Di Cicco e Carmen Rapino<\/strong>, responsabili Caritas diocesana, aprono le porte dei locali di Santa Maria Maggiore 1 dove in tanti si rivolgono per un aiuto. Se i due anni Covid avevano gi\u00e0 messo a dura prova le famiglie e la Caritas, il 2024 si sta rivelando ancora pi\u00f9 duro visto che dall\u2019inizio dell\u2019anno ad oggi sono cresciute le richieste di intervento del 65% rispetto al 2023, e mancano ancora 5 mesi a dicembre.<\/p>\n\n\n\n<p>Con Fernando e Carmen c\u2019\u00e8 un gruppo di 10 volontari che risponde alle emergenze, in primis quella del cibo: la distribuzione di beni di prima necessit\u00e0 \u00e8 il primo \u201ccompito\u201d svolto dalla Caritas a cui si aggiungono aiuti per cure, visite mediche e farmaci, pagamento bollette, conforto per chi vive in solitudine ed emarginazione. Tante le famiglie in difficolt\u00e0 anche quelle monoreddito che ora non arrivano a fine mese.<\/p>\n\n\n\n<p>\u201cCerchiamo di fare il possibile, non lasciamo nessuno indietro\u201d, dicono i coniugi che spiegano che l\u2019aiuto parte sempre dall\u2019<strong>accoglienza e ascolto<\/strong> delle persone che bussano o chiamano in Caritas (tel. 0872.716345 ufficio di Lanciano aperto luned\u00ec, marted\u00ec, gioved\u00ec e venerd\u00ec dalle 9 alle 12. Tel. 085.9065614 Ufficio di Ortona in Largo Riccardi aperto marted\u00ec 9.30-12 e venerd\u00ec 15.30-17): \u201c\u00e8 un momento fondamentale perch\u00e9 solo cos\u00ec si possono capire bisogni e problemi\u201d.<\/p>\n\n\n\n<p>Le richieste di aiuto sono diverse da parte delle <strong>141 famiglie oggi assistite<\/strong> (dati 1 gennaio -31 luglio 2024) tra Lanciano e Ortona. \u201c141 non \u00e8 numero, dietro ci sono famiglie, persone, bambini e le loro storie di difficolt\u00e0\u201d, precisano Fernando e Carmen. \u201cEd \u00e8 un dato che evidenzia la crescita enorme di richieste di aiuto nei primi 7 mesi del 2024 rispetto a tutto il 2023. Le nuove famiglie arrivate in Caritas diocesana da gennaio sono 145\u201d, spiega Fernando, \u201cdi cui 102 a Lanciano e 43 a Ortona. Sono gi\u00e0 51 in pi\u00f9 rispetto a tutto l\u2019anno 2023, <strong>il 65% in pi\u00f9<\/strong> (dal 1 gennaio al 31 dicembre 2023 le nuove famiglie accolte sono state 94, 65 a Lanciano e 29 a Ortona) e mancano ancora 5 mesi alla fine di quest\u2019anno. Contando chi esce dall\u2019aiuto Caritas, perch\u00e9 il nostro obiettivo \u00e8 di emancipare le persone, limitare l\u2019aiuto momento di emergenza, ad oggi sono 141 famiglie assistite: 68% italiane 32% straniere. E non tutte cattoliche anche mussulmane; le nostre porte sono aperte a tutti\u201d. Numeri a cui far fronte con risorse che arrivano dall\u20198 per mille, dagli aiuti di singole persone. \u201cAd esempio per il cibo\u201d, precisano i coniugi, \u201cda gennaio 2023 a oggi abbiamo consegnato circa <strong>2.550 spese alimentari mensili<\/strong> a cui facciamo fronte con banco Alimentare Abruzzo, AGEA (Agenzia per le erogazioni in agricoltura), FEAD (Fondo di aiuti europei agli indigenti) e integrata da Caritas con i fondi dell\u2019<strong>8 x 1000<\/strong> e varie donazioni\u201d.<\/p>\n\n\n\n<p>Altro dato che fa riflettere, ed \u00e8 una \u201cnovit\u00e0\u201d non positiva rispetto al passato, \u00e8 l\u2019<strong>aumento delle famiglie monoreddito <\/strong>in difficolt\u00e0 e soprattutto dei <strong>coniugi separati<\/strong>. \u201cI coniugi separati o divorziati aggiungono al dramma della sofferenza emotiva e piscologica quella, in presenza di un solo stipendio e di figli, della povert\u00e0\u201d, evidenziano. \u201cSono 26 le famiglie in questa condizione e rappresentano il 18% dei nostri accolti. Altra emergenza riguarda le richieste di <strong>aiuti per le cure mediche<\/strong>, per l&#8217;acquisto dei farmaci, trasporti per raggiungere gli ospedali nei casi di riabilitazione. Stiamo cercando soluzioni perch\u00e9 \u00e8 un bisogno che cresce: ad esempio vorremo creare una raccolta farmaci o attivare il farmaco sospeso nelle farmacie\u201d. Oltre alle medicine nei 2.025 interventi fatti finora c\u2019\u00e8 anche il pagamento di bollette e dei bed and breakfast e hotel che hanno accolto per qualche settimana alcune famiglie.<\/p>\n\n\n\n<p>Tanti gli ambiti di intervento di Caritas e gli accordi con il Comune, le politiche sociali, il carcere e da poco anche con il tribunale di Lanciano. E\u2019 stato infatti siglato un accordo tra l\u2019<strong>arcivescovo Emidio Cipollone<\/strong> e il presidente del tribunale <strong>Riccardo Audino<\/strong> per accogliere in Caritas persone che possono svolgere i lavori socialmente utili. \u201cCon il carcere invece doppio legame\u201d, riprende Di Cicco, \u201cdiamo aiuto a chi non ha neanche i vestiti ma abbiamo ricevuto da loro una donazione di 600 euro e il 31 agosto a Sant\u2019Egidio venderemo gli oggetti che alcuni detenuti hanno realizzato e il ricavato andr\u00e0 alla Caritas\u201d.<\/p>\n\n\n\n<p>Storie di sofferenza ma anche esempi di gran cuore di chi nella difficolt\u00e0 riesce comunque ad aprirsi agli altri e gioie per chi esce dal circuito Caritas: 98 famiglie da gennaio 2023 ad oggi.<\/p>\n\n\n\n<p>\u201cLa Caritas \u00e8 uno dei frutti del Concilio Vaticano II\u201d, commenta Monsignor Cipollone. \u201cEssa nasce nel 1971 per volere di San Paolo VI, che voleva &#8220;creare&#8221; un luogo di accoglienza, di sensibilit\u00e0 e di attenzione che, come detto dai responsabili Fernando e Carmen,&nbsp;attraverso un &#8220;percorso virtuoso&#8221;, aiutasse le persone a recuperare la propria dignit\u00e0, la propria autonomia e, infine, la gioia di vivere. La sua funzione, come dice lo Statuto all&#8217;articolo 1, \u00e8 prevalentemente pedagogica, cio\u00e8 deve tendere a far crescere nelle persone, nelle famiglie, nelle comunit\u00e0, il senso umano e cristiano della giustizia, della solidariet\u00e0 e della sussidiariet\u00e0. Essa, quindi, per realizzare questo compito di formazione e di informazione e per educare anche alla pace e alla mondialit\u00e0, promuove, ogni anno, un programma articolato di corsi, convegni, seminari di studio e di approfondimento ma, soprattutto, cerca di facilitare incontri personali e di gruppo e collaborazioni varie perch\u00e9, nel nome dell&#8217;uomo e della sua dignit\u00e0, insieme, sinodalmente,&nbsp;si possa costruire un percorso che porti a quella che lo stesso San Paolo VI chiamava \u201cla civilt\u00e0 dell&#8217;amore\u201d. La Caritas, infine, potr\u00e0 aiutare la Chiesa e la societ\u00e0 a vivere il prossimo Giubileo come un periodo specialissimo, in cui la misericordia, ricevuta e donata, possa essere la strada privilegiata per riscoprire l\u2019amore di Dio verso di noi, facendolo diventare, cos\u00ec, il Giubileo della carit\u00e0, dell&#8217;amore reciproco e della speranza, secondo il titolo che Papa Francesco ci ha suggerito: &#8220;La speranza non delude&#8221; (Rm 5, 5). Approfitto di questa occasione per ringraziare Carmen e Fernando, i collaboratori e chiunque, in qualunque modo, partecipa a rendere pi\u00f9 bella e pi\u00f9 efficace la nostra Caritas diocesana\u201d.<\/p>\n\n\n\n<p>Ufficio per le comunicazioni sociali della Chiesa di Lanciano-Ortona<\/p>\n\n\n\n<p>Responsabile \u2013 Teresa Di Rocco 347.9402115<\/p>\n\n\n\n<p><a href=\"javascript:webmail.View.mailto(%7bmailto:'udcs%40diocesilanciano.it',%20subject:%20''%7d)\">udcs@diocesilanciano.it<\/a><\/p>\n\n\n\n<p>Facebook &#8211; www.facebook\/diocesidilancianortona<\/p><p><\/p>\n","protected":false},"excerpt":{"rendered":"<p>\u201cOgni giorno per noi \u00e8 particolare, ci sono persone e famiglie da accogliere e ascoltare, da aiutare\u201d: con queste parole e il sorriso rassicurante che li contraddistingue Fernando Di Cicco [&hellip;]<\/p>\n","protected":false},"author":1,"featured_media":5688,"comment_status":"closed","ping_status":"closed","sticky":false,"template":"","format":"standard","meta":{"_et_pb_use_builder":"off","_et_pb_old_content":"","_et_gb_content_width":"","footnotes":""},"categories":[11],"tags":[],"class_list":["post-5686","post","type-post","status-publish","format-standard","has-post-thumbnail","hentry","category-news"],"_links":{"self":[{"href":"https:\/\/diocesilanciano.it\/index.php?rest_route=\/wp\/v2\/posts\/5686","targetHints":{"allow":["GET"]}}],"collection":[{"href":"https:\/\/diocesilanciano.it\/index.php?rest_route=\/wp\/v2\/posts"}],"about":[{"href":"https:\/\/diocesilanciano.it\/index.php?rest_route=\/wp\/v2\/types\/post"}],"author":[{"embeddable":true,"href":"https:\/\/diocesilanciano.it\/index.php?rest_route=\/wp\/v2\/users\/1"}],"replies":[{"embeddable":true,"href":"https:\/\/diocesilanciano.it\/index.php?rest_route=%2Fwp%2Fv2%2Fcomments&post=5686"}],"version-history":[{"count":0,"href":"https:\/\/diocesilanciano.it\/index.php?rest_route=\/wp\/v2\/posts\/5686\/revisions"}],"wp:featuredmedia":[{"embeddable":true,"href":"https:\/\/diocesilanciano.it\/index.php?rest_route=\/"}],"wp:attachment":[{"href":"https:\/\/diocesilanciano.it\/index.php?rest_route=%2Fwp%2Fv2%2Fmedia&parent=5686"}],"wp:term":[{"taxonomy":"category","embeddable":true,"href":"https:\/\/diocesilanciano.it\/index.php?rest_route=%2Fwp%2Fv2%2Fcategories&post=5686"},{"taxonomy":"post_tag","embeddable":true,"href":"https:\/\/diocesilanciano.it\/index.php?rest_route=%2Fwp%2Fv2%2Ftags&post=5686"}],"curies":[{"name":"wp","href":"https:\/\/api.w.org\/{rel}","templated":true}]}}