{"id":5683,"date":"2024-09-19T14:39:14","date_gmt":"2024-09-19T12:39:14","guid":{"rendered":"https:\/\/www.diocesilanciano.it\/?p=5683"},"modified":"2024-09-19T14:39:14","modified_gmt":"2024-09-19T12:39:14","slug":"addio-a-giorgia-e-carlo","status":"publish","type":"post","link":"https:\/\/diocesilanciano.it\/?p=5683","title":{"rendered":"Addio a Giorgia e Carlo"},"content":{"rendered":"\n<p>\u00a0<\/p>\n<p>\u201cDue ragazzi che perdono la vita cos\u00ec tolgono il fiato e anche le parole. Personalmente e come Chiesa diocesana, con le nostre fragilit\u00e0, offriamo la preghiera e la nostra vicinanza alle famiglie e agli amici di Giorgia e Carlo per continuare il percorso della vita verso il Signore che non \u00e8 il Dio dei morti, ma dei viventi\u201d. Queste le parole dell\u2019<strong>arcivescovo di Lanciano-Ortona, Emidio Cipollone<\/strong>, che, come tutta la comunit\u00e0 diocesana, \u00e8 vicino alle famiglie di Giorgia e Carlo, scomparsi tragicamente gioved\u00ec sera, colpite da un dolore profondo. \u00a0<\/p>\n<p>\u201cUmanamente non ci sarebbe nulla da dire se non prendersela con il caso o non si sa bene con \u201cchi\u201d o \u201ccosa\u201d\u201d, dice il vescovo. \u201cUmanamente siamo come le donne che al mattino di Pasqua si recano al sepolcro: potremmo avere dei profumi con cui ungere i corpi, ma niente di pi\u00f9. Cio\u00e8 potremmo dire parole che per\u00f2 non cambiano i fatti: davanti a noi poi avremmo l\u2019enorme pietra che blocca l\u2019accesso al sepolcro e come le donne avremmo bisogno di qualcuno che la possa spostare perch\u00e9 da soli non ne saremmo capaci. Insomma, umanamente siamo impotenti e disperati. Ma Ges\u00f9 \u201cosa\u201d darci una speranza: c\u2019\u00e8 qualcosa in pi\u00f9 da poter dire o fare: e infatti la pietra \u00e8 spostata, anzi ribaltata! Il Signore non \u00e8 pi\u00f9 nel sepolcro ma \u00e8 risorto! L\u2019ultima parola non \u00e8 la disperazione ma la fede: \u201cNon \u00e8 qui, \u00e8 risorto!\u201d<\/p>\n<p>Queste giovani vite sono nel Signore, sono amate da Lui e in Lui vivono. Anche questa fine assurda, drammatica, nel disegno di Dio, potr\u00e0 portare frutti di bene. Esse ci ricordano il valore enorme della vita e la necessit\u00e0 di custodirla sempre al meglio. E come dice il Vangelo di oggi: \u201csolo Ges\u00f9 ha parole di vita eterna\u201d\u201d.<\/p>\n<p>\u00a0<\/p>\n<p>E ieri sera gli amici di Giorgia e Carlo si sono ritrovati nella chiesa di Santa Maria del Suffragio, anche nota come \u201cdel Purgatorio\u201d, sede della Cappellania Scolastica, per una veglia di preghiera con il cappellano, ex docente anche di Giorgia, don Alessio Primante. Un momento di intenso raccoglimento, ricordo, preghiera e riflessioni per gli amici voltati in cielo troppo presto.<\/p>\n<p>\u00a0<\/p>\n<p><u>\u00a0<\/u><\/p>\n<p>\u00a0<\/p>\n<p>Ufficio per le comunicazioni sociali della Chiesa di Lanciano-Ortona Responsabile \u2013 Teresa Di Rocco 347.9402115<\/p>\n","protected":false},"excerpt":{"rendered":"","protected":false},"author":1,"featured_media":5684,"comment_status":"closed","ping_status":"closed","sticky":false,"template":"","format":"standard","meta":{"_et_pb_use_builder":"off","_et_pb_old_content":"","_et_gb_content_width":"","footnotes":""},"categories":[11],"tags":[],"class_list":["post-5683","post","type-post","status-publish","format-standard","has-post-thumbnail","hentry","category-news"],"_links":{"self":[{"href":"https:\/\/diocesilanciano.it\/index.php?rest_route=\/wp\/v2\/posts\/5683","targetHints":{"allow":["GET"]}}],"collection":[{"href":"https:\/\/diocesilanciano.it\/index.php?rest_route=\/wp\/v2\/posts"}],"about":[{"href":"https:\/\/diocesilanciano.it\/index.php?rest_route=\/wp\/v2\/types\/post"}],"author":[{"embeddable":true,"href":"https:\/\/diocesilanciano.it\/index.php?rest_route=\/wp\/v2\/users\/1"}],"replies":[{"embeddable":true,"href":"https:\/\/diocesilanciano.it\/index.php?rest_route=%2Fwp%2Fv2%2Fcomments&post=5683"}],"version-history":[{"count":0,"href":"https:\/\/diocesilanciano.it\/index.php?rest_route=\/wp\/v2\/posts\/5683\/revisions"}],"wp:featuredmedia":[{"embeddable":true,"href":"https:\/\/diocesilanciano.it\/index.php?rest_route=\/"}],"wp:attachment":[{"href":"https:\/\/diocesilanciano.it\/index.php?rest_route=%2Fwp%2Fv2%2Fmedia&parent=5683"}],"wp:term":[{"taxonomy":"category","embeddable":true,"href":"https:\/\/diocesilanciano.it\/index.php?rest_route=%2Fwp%2Fv2%2Fcategories&post=5683"},{"taxonomy":"post_tag","embeddable":true,"href":"https:\/\/diocesilanciano.it\/index.php?rest_route=%2Fwp%2Fv2%2Ftags&post=5683"}],"curies":[{"name":"wp","href":"https:\/\/api.w.org\/{rel}","templated":true}]}}