{"id":5681,"date":"2024-09-19T14:34:50","date_gmt":"2024-09-19T12:34:50","guid":{"rendered":"https:\/\/www.diocesilanciano.it\/?p=5681"},"modified":"2024-09-19T14:34:50","modified_gmt":"2024-09-19T12:34:50","slug":"nomine-parroci","status":"publish","type":"post","link":"https:\/\/diocesilanciano.it\/?p=5681","title":{"rendered":"Nomine parroci"},"content":{"rendered":"\n<p>L\u2019arcivescovo <strong>Emidio Cipollone<\/strong> comunica alcuni piccoli spostamenti e nomine all\u2019interno della diocesi a partire dal 1 ottobre, che nascono in particolare dall\u2019addio, dopo 18 anni di permanenza nella diocesi frentana, di <strong>padre<\/strong> <strong>Joby John<\/strong>, che \u00e8 stato trasferito dalla sua Congregazione religiosa, quella dei Missionari del Santissimo Sacramento, nella Diocesi di Porto Santa Rufina dove diventa superiore del seminario.<\/p>\n\n\n\n<p>Con la sua partenza, amministratore della Parrocchia Santa Maria degli Angeli in Contrada Villa Stanazzo di Lanciano sar\u00e0 <strong>don Massimo Storelli<\/strong>, che manterr\u00e0 la nomina di Cappellano nella Casa circondariale di Villa Stanazzo. Don Massimo lascer\u00e0 per\u00f2 la Parrocchia San Filippo Neri in Contrada Guastameroli di Frisa dove amministratore parrocchiale sar\u00e0 <strong>padre Andr\u00e8 Kazadi<\/strong> della Congregazione Missionaria dei figli di Dio che oggi \u00e8 vicario parrocchiale di Cristo Re a Ortona.&nbsp; &nbsp;<\/p>\n\n\n\n<p>Nella Parrocchia San Gabriele dell&#8217;Addolorata in Ortona amministratore parrocchiale sar\u00e0 <strong>padre Henri Nzaji Tshibadi<\/strong> che sostituir\u00e0 <strong>don Orlando Hernandez Hernandez<\/strong>, che avr\u00e0 un periodo di riposo.<\/p>\n\n\n\n<p>Oltre questi trasferimenti c\u2019\u00e8 anche un incarico importante per un giovane sacerdote della diocesi di Lanciano-Ortona: <strong>don Alessio Primante<\/strong>, cancelliere della Curia \u00e8 stato nominato dai Vescovi della Regione Ecclesiastica Abruzzo-Molise (Ceam) docente di Diritto Canonico nell&#8217;Istituto Teologico Abruzzese-Molisano a Chieti.<\/p>\n\n\n\n<p>Infine, per ordine di tempo, l\u2019annuncio della prossima ordinazione diaconale di <strong>Fernando Di Cicco<\/strong>, attuale direttore della Caritas diocesana con la moglie Carmen: l\u2019ordinazione ci sar\u00e0 nella cattedrale della Madonna del Ponte domenica 13 ottobre 2024 alle 18.30.<\/p>\n","protected":false},"excerpt":{"rendered":"<p>L\u2019arcivescovo Emidio Cipollone comunica alcuni piccoli spostamenti e nomine all\u2019interno della diocesi a partire dal 1 ottobre, che nascono in particolare dall\u2019addio, dopo 18 anni di permanenza nella diocesi frentana, [&hellip;]<\/p>\n","protected":false},"author":1,"featured_media":4271,"comment_status":"closed","ping_status":"closed","sticky":false,"template":"","format":"standard","meta":{"_et_pb_use_builder":"off","_et_pb_old_content":"","_et_gb_content_width":"","footnotes":""},"categories":[11],"tags":[],"class_list":["post-5681","post","type-post","status-publish","format-standard","has-post-thumbnail","hentry","category-news"],"_links":{"self":[{"href":"https:\/\/diocesilanciano.it\/index.php?rest_route=\/wp\/v2\/posts\/5681","targetHints":{"allow":["GET"]}}],"collection":[{"href":"https:\/\/diocesilanciano.it\/index.php?rest_route=\/wp\/v2\/posts"}],"about":[{"href":"https:\/\/diocesilanciano.it\/index.php?rest_route=\/wp\/v2\/types\/post"}],"author":[{"embeddable":true,"href":"https:\/\/diocesilanciano.it\/index.php?rest_route=\/wp\/v2\/users\/1"}],"replies":[{"embeddable":true,"href":"https:\/\/diocesilanciano.it\/index.php?rest_route=%2Fwp%2Fv2%2Fcomments&post=5681"}],"version-history":[{"count":0,"href":"https:\/\/diocesilanciano.it\/index.php?rest_route=\/wp\/v2\/posts\/5681\/revisions"}],"wp:featuredmedia":[{"embeddable":true,"href":"https:\/\/diocesilanciano.it\/index.php?rest_route=\/"}],"wp:attachment":[{"href":"https:\/\/diocesilanciano.it\/index.php?rest_route=%2Fwp%2Fv2%2Fmedia&parent=5681"}],"wp:term":[{"taxonomy":"category","embeddable":true,"href":"https:\/\/diocesilanciano.it\/index.php?rest_route=%2Fwp%2Fv2%2Fcategories&post=5681"},{"taxonomy":"post_tag","embeddable":true,"href":"https:\/\/diocesilanciano.it\/index.php?rest_route=%2Fwp%2Fv2%2Ftags&post=5681"}],"curies":[{"name":"wp","href":"https:\/\/api.w.org\/{rel}","templated":true}]}}