{"id":5674,"date":"2024-09-19T14:31:15","date_gmt":"2024-09-19T12:31:15","guid":{"rendered":"https:\/\/www.diocesilanciano.it\/?p=5674"},"modified":"2024-09-19T14:31:15","modified_gmt":"2024-09-19T12:31:15","slug":"compleanno-cappellania-scolastica","status":"publish","type":"post","link":"https:\/\/diocesilanciano.it\/?p=5674","title":{"rendered":"COMPLEANNO CAPPELLANIA SCOLASTICA"},"content":{"rendered":"\n\n\n\n\n<figure class=\"wp-block-image size-large\"><img decoding=\"async\" src=\"https:\/\/www.diocesilanciano.it\/wp-content\/uploads\/sites\/23\/2024\/09\/IMG-20240702-WA0027-1024x768.jpg\" alt=\"\" class=\"wp-image-5676\"\/><\/figure>\n\n\n\n<p>mondo della scuola che vogliono camminare in questa nuova forma di pastorale comunitaria e la festa, per questo compleanno, \u00e8 una messa celebrata sulla spiaggia della <strong>Ritorna ad Ortona<\/strong> <strong>domenica 8 settembre alle 19<\/strong>. La celebrazione \u00e8 affidata a S.E. <strong>monsignor Emidio Cipollone<\/strong>; con lui don <strong>Alessio Primante<\/strong>, cappellano.<\/p>\n\n\n\n<p>\u201cNel giorno in cui la citt\u00e0 di Lanciano e l&#8217;intera Diocesi celebrano la festa della Madonna del Ponte, nella ricorrenza della Nativit\u00e0 di Maria Santissima, c&#8217;\u00e8 un&#8217;altra realt\u00e0, piccola ma in espansione, che festeggia, ufficialmente, con qualche giorno di anticipo, il suo secondo anno di vita: la Cappellania scolastica\u201d, spiega Monsignor Cipollone. \u201cQuesta comunit\u00e0 nasce come un frutto bellissimo del primo anno del sinodo, quello della fase narrativa, come specifico &#8220;cantiere diocesano&#8221;, che andava ad aggiungersi a quelli della strada e del villaggio, dell&#8217;ospitalit\u00e0 e della casa, delle diaconie e della formazione spirituale.<\/p>\n\n\n\n<p>Di questi cantieri, la nostra cappellania sintetizza tutte le caratteristiche: \u00e8 comunit\u00e0 in cammino, sulle strade del mondo, per unire villaggio e villaggio, comunit\u00e0 e comunit\u00e0, credenti e non credenti o &#8220;diversamente credenti&#8221;.<\/p>\n\n\n\n<p>E&#8217; comunit\u00e0 ospitale, che apre le sue porte a tutti, senza chiedere carte d&#8217;identit\u00e0 o tessere di appartenenza, facendo sentire ciascuno &#8220;a casa&#8221;, ovunque ci si incontri: nella sua &#8220;sede istituzionale&#8221; o nella &#8220;casa comune&#8221;, che \u00e8 il creato.<\/p>\n\n\n\n<p>E&#8217; comunit\u00e0 che fa formazione, umana e spirituale, per essere pi\u00f9 pronta e pi\u00f9 feconda nell&#8217;accompagnamento e nelle varie diaconie, cio\u00e8 nei vari servizi, nei quali si impegna.<\/p>\n\n\n\n<p>I miei auguri pi\u00f9 belli li far\u00f2 condividendo, con la cappellania, la celebrazione dell&#8217;Eucaristia, nella serata dell&#8217;8 settembre, nella &#8220;spiaggia della ritorna&#8221;, vicino al faro di Ortona; voglio, per\u00f2, approfittare di questa occasione per ringraziare il Signore e invocare, su don Alessio e l&#8217;intera comunit\u00e0, la benedizione della Santissima Trinit\u00e0, la migliore e il modello di tutte le comunit\u00e0, la pi\u00f9 bella delle famiglie, fonte di vita e di amore per tutti\u201d.<\/p>\n\n\n\n<p>Ufficio per le comunicazioni sociali della Chiesa di Lanciano-Ortona<\/p>\n\n\n\n<p>Responsabile \u2013 Teresa Di Rocco 347.9402115<\/p>\n<p>\u00a0<\/p>\n","protected":false},"excerpt":{"rendered":"<p>mondo della scuola che vogliono camminare in questa nuova forma di pastorale comunitaria e la festa, per questo compleanno, \u00e8 una messa celebrata sulla spiaggia della Ritorna ad Ortona domenica [&hellip;]<\/p>\n","protected":false},"author":1,"featured_media":5675,"comment_status":"closed","ping_status":"closed","sticky":false,"template":"","format":"standard","meta":{"_et_pb_use_builder":"off","_et_pb_old_content":"","_et_gb_content_width":"","footnotes":""},"categories":[11],"tags":[],"class_list":["post-5674","post","type-post","status-publish","format-standard","has-post-thumbnail","hentry","category-news"],"_links":{"self":[{"href":"https:\/\/diocesilanciano.it\/index.php?rest_route=\/wp\/v2\/posts\/5674","targetHints":{"allow":["GET"]}}],"collection":[{"href":"https:\/\/diocesilanciano.it\/index.php?rest_route=\/wp\/v2\/posts"}],"about":[{"href":"https:\/\/diocesilanciano.it\/index.php?rest_route=\/wp\/v2\/types\/post"}],"author":[{"embeddable":true,"href":"https:\/\/diocesilanciano.it\/index.php?rest_route=\/wp\/v2\/users\/1"}],"replies":[{"embeddable":true,"href":"https:\/\/diocesilanciano.it\/index.php?rest_route=%2Fwp%2Fv2%2Fcomments&post=5674"}],"version-history":[{"count":0,"href":"https:\/\/diocesilanciano.it\/index.php?rest_route=\/wp\/v2\/posts\/5674\/revisions"}],"wp:featuredmedia":[{"embeddable":true,"href":"https:\/\/diocesilanciano.it\/index.php?rest_route=\/"}],"wp:attachment":[{"href":"https:\/\/diocesilanciano.it\/index.php?rest_route=%2Fwp%2Fv2%2Fmedia&parent=5674"}],"wp:term":[{"taxonomy":"category","embeddable":true,"href":"https:\/\/diocesilanciano.it\/index.php?rest_route=%2Fwp%2Fv2%2Fcategories&post=5674"},{"taxonomy":"post_tag","embeddable":true,"href":"https:\/\/diocesilanciano.it\/index.php?rest_route=%2Fwp%2Fv2%2Ftags&post=5674"}],"curies":[{"name":"wp","href":"https:\/\/api.w.org\/{rel}","templated":true}]}}