{"id":3941,"date":"2020-12-22T14:48:29","date_gmt":"2020-12-22T13:48:29","guid":{"rendered":"http:\/\/www.diocesilanciano.it\/?p=3941"},"modified":"2020-12-22T14:48:29","modified_gmt":"2020-12-22T13:48:29","slug":"lettera-alla-comunita-la-prossimita-diventa-reciprocita-e-concretezza","status":"publish","type":"post","link":"https:\/\/diocesilanciano.it\/?p=3941","title":{"rendered":"Lettera alla Comunit\u00e0 La prossimit\u00e0 diventa reciprocit\u00e0 e concretezza"},"content":{"rendered":"\n<figure class=\"wp-block-image\"><img decoding=\"async\" src=\"\/\" alt=\"\" \/><\/figure>\n\n\n\n<p>Caritas Diocesana di Lanciano-Ortona \u201cMadre Teresa di Calcutta\u201d<\/p>\n\n\n\n<p><strong>Lettera alla Comunit\u00e0<\/strong><\/p>\n\n\n\n<p><strong><em>La prossimit\u00e0 diventa reciprocit\u00e0 e concretezza<\/em><\/strong><strong><\/strong><\/p>\n\n\n\n<p>Carissime e carissimi,<\/p>\n\n\n\n<p>con queste poche righe vorrei tanto trasmettervi ci\u00f2 che vediamo e nel nostro cuore ascoltiamo attraverso il Servizio Caritas perch\u00e9 \u00e8 un dono grande che non ha paragoni, perch\u00e9 \u00e8 l\u2019opportunit\u00e0 di vivere, ogni giorno, la meraviglia che la vita ci concede: l\u2019incontro con l\u2019altro, chiunque esso sia, qualunque credo abbia.<\/p>\n\n\n\n<p>Innanzitutto desidero ringraziare con tutto il cuore, l\u2019Arcivescovo della Chiesa di Lanciano \u2013 Ortona, don Emidio Cipollone, che mi ha donato fiducia nel ricoprire questo nuovo ruolo riconoscendo in me e negli altri membri del gruppo Caritas il valore del saper essere e saper fare nel servizio; per questo ringrazio anche il Diacono Luigi Cuonzo che, negli anni, come diacono e come Direttore di questo servizio, ha costruito ci\u00f2 che oggi siamo e come gruppo continuiamo ad essere nel proseguire questo cammino verso le persone.<\/p>\n\n\n\n<p>Oggi, gli occhi da ascoltare aumentano, l\u2019incertezza generale di questo tempo appesantisce maggiormente i problemi gi\u00e0 presenti nelle famiglie e ne fa nascere altri. Le richieste di aiuto giungono, con fatica e vergogna, come macigni sulle spalle di uomini e donne, i quali non chiedono altro che un momento di sollievo e sicurezza, stanchi, preoccupati, in ansia e straziati nel portare questi pesi durante il loro cammino in questo difficile periodo che, tra l\u2019altro ci ha resi tutti vulnerabili e ci ha ricordato che siamo tutti uguali.<\/p>\n\n\n\n<p>Vecchie e nuove povert\u00e0 sono interconnesse e aggravate da un contesto socio-sanitario difficile, in piena emergenza, che ci rende nella vulnerabilit\u00e0 uniti. I bisogni, sempre diversi ed anch\u2019essi nuovi, specchio di una societ\u00e0 in evoluzione, attivano e stimolano una parte importante che c\u2019\u00e8 in ognuno di noi: la resilienza e l\u2019empowerment, che ci ricordano che siamo persone con risorse, al di l\u00e0 delle richieste materiali: noi tutti siamo persone, che malgrado tutto, in tempi e modi diversi, agiamo e questo agire, in una situazione di grande difficolt\u00e0 non \u00e8 affatto scontata.<\/p>\n\n\n\n<p>A fianco alla resilienza delle persone, c\u2019\u00e8 poi la forza del fare assieme. I volontari della Caritas, insieme e al fianco dei volontari dell\u2019Associazione Joseph sono in servizio e in rete con il territorio, con le altre realt\u00e0 associative, con i servizi sociali comunali, con i servizi sanitari ed altri servizi pubblici, con gli Uffici pastorali dell\u2019Arcidiocesi ed altre realt\u00e0 religiose.<\/p>\n\n\n\n<p>Il fare assieme, ognuno con la propria identit\u00e0, rende sostenibile l\u2019affrontare questo momento difficile in maniera completa, integrale, con sinodalit\u00e0, come ci ricorda di agire sempre il nostro Arcivescovo. \u00c8 importate ribadire il prezioso servizio dell\u2019Osservatorio delle Povert\u00e0 e delle Risorse della Caritas Diocesana che puntualmente attraverso il monitoraggio analizza ed elabora i dati.<\/p>\n\n\n\n<p>Di seguito, un quadro sintetico dei dati che condividiamo volentieri con la comunit\u00e0:<\/p>\n\n\n\n<ul class=\"wp-block-list\"><li>La Caritas Diocesana di Lanciano-Ortona per l\u2019anno 2020, grazie ai fondi 8xmille ordinari e quelli specifici per la progettazione, in risposta alle nuove e vecchie povert\u00e0 e ai tanti bisogni emersi ha investito concretamente la somma totale di 220.000 euro per acquisto beni alimentari e prodotti per la cura della persona e della casa; pagamento utenze, affitti, ospitalit\u00e0 in albergo, sostegno per la didattica a distanza, trasporti socio-sanitari, sostegno alle attivit\u00e0 commerciali e artigiane. Inoltre, grazie alla proficua collaborazione con l\u2019Associazione Joseph, questo investimento di aiuto concreto \u00e8 stato integrato da altri 80.000 euro: infatti, l\u2019Ass. Joseph, grazie a vari progetti regionali (Sostegno per le persone in grave disagio socio-economico; Alimentiamo la Solidariet\u00e0;) ha ricevuto dei fondi i quali sono stati investiti per rispondere concretamente al grido di aiuto di tante famiglie del territorio diocesano. Notevole infine il contributo al reddito elargito per utenze, affitti, ospitalit\u00e0, etc. per un totale di circa 90.000 euro;<\/li><\/ul>\n\n\n\n<ul class=\"wp-block-list\"><li>\u00c8 fondamentale sottolineare il delicato servizio di ascolto che non \u00e8 stato mai sospeso, soprattutto durante la lunga quarantena della prima ondata. \u00c8 evidente che il servizio \u00e8 stato svolto non in presenza, ma attraverso sussidi tecnologici e soprattutto con modalit\u00e0 telefonica. Tra marzo\/giugno 2020 si stimano circa 880 ascolti telefonici;<\/li><li>\u00c8 bello evidenziare, in questo clima di grave disagio, la sensibile generosit\u00e0 di tante aziende, ma anche di tanti privati cittadini che hanno donato complessivamente circa 20.000 euro, oltre alle derrate alimentari e di beni di prima necessit\u00e0;<\/li><li>Nella prima fase emergenziale febbraio\/giugno il servizio emporio di Lanciano e di Ortona hanno avuto un incremento di accessi di circa il 70% (da 260 a 440 persone-Lanciano; da 190 a 310 Ortona). Per tutto il territorio diocesano si stima un aumento di circa 3000 persone colpite dalla crisi economica legata all\u2019emergenza covid-19;<\/li><li>25 computer sono stati consegnati per la didattica a distanza, oltre ai servizi di supporto;<\/li><li>Nella seconda ondata della pandemia, ad oggi, grazie alle provvidenze e sussidi dello Stato, le richieste di aiuto sono diminuite, ma sono richieste quantitativamente alte soprattutto quelle dei contributi al reddito (utenze, affitti); infatti, la media della richiesta di aiuto \u00e8 di circa 300 euro. Tutto ci\u00f2 \u00e8 legato anche alle tante morosit\u00e0 che si trascinano da mesi. Si prevede, purtroppo, un aumento esponenziale di richieste per primi sei mesi dell\u2019anno nuovo se la situazione socio-sanitaria non dovesse migliorare, con un possibile effetto drammatico in considerazione dell&#8217;eventuale drastica diminuzione degli aiuti dello Stato.<\/li><\/ul>\n\n\n\n<p>Nonostante l\u2019attuale contesto storico difficile e molto pesante la Caritas Diocesana non ha mai rinunciando alla sua pedagogia di azione evitando ogni tipo di assistenzialismo, ma stimolando la persona a riscoprirsi e a riscoprire la sua ricchezza interiore, spirituale ed umana. Inoltre, Il cammino che stiamo cercando di costruire \u00e8 quello di un aiuto programmato con la rete per la collettivit\u00e0 dove vi sia una co-responsabilit\u00e0 nelle azioni e nel fare, contro lo spreco, la duplicazione di interventi per sostenere tutti con concretezza in modo mirato e ridistribuendo forze ed energie.<\/p>\n\n\n\n<p>&nbsp;&nbsp;&nbsp;&nbsp; L\u2019Ufficio Pastorale della Caritas, grazie al Servizio del Centro di Ascolto Diocesano di Lanciano e del Vicariato di Ortona e al suo braccio operativo, l\u2019Associazione Joseph, \u00e8 dentro la rete di aiuto e attraverso la propria identit\u00e0 cerca di individuare il bisogno assieme alla persona\/famiglia sostenendola nell\u2019accompagnamento socio-pedagogico mirato al superamento del bisogno anche attraverso interventi socio-economici e misure di sostegno al reddito, all\u2019istruzione scolastica, al lavoro, oltre alla distribuzione dei beni di prima necessit\u00e0. La Caritas, inoltre, ancora oggi sostiene le aziende del territorio che si trovano in difficolt\u00e0 attraverso anche l\u2019acquisto dei beni e dei prodotti locali.<\/p>\n\n\n\n<p>&nbsp;&nbsp;&nbsp;&nbsp; Noi siamo profondamente grati di questa opportunit\u00e0 e pertanto vogliamo ringraziare tutti coloro che, in varie forme, hanno incrociato e continuano a incrociare il nostro cammino di operatori Caritas per fare del bene, fatto bene, dove questo bene genera inevitabilmente e meravigliosamente altro bene che resta e si trasmette nel tempo.<\/p>\n\n\n\n<p>&nbsp;&nbsp;&nbsp;&nbsp; Un augurio caro e dolce per un Santo Natale.<\/p>\n\n\n\n<p><strong>La Direttrice Assunta Gallucci e l\u2019\u00e9quipe della<\/strong><\/p>\n\n\n\n<p><strong>Caritas Diocesana di Lanciano-Ortona \u201cMadre Teresa di Calcutta\u201d<\/strong><\/p>\n\n\n","protected":false},"excerpt":{"rendered":"<p>Caritas Diocesana di Lanciano-Ortona \u201cMadre Teresa di Calcutta\u201d Lettera alla Comunit\u00e0 La prossimit\u00e0 diventa reciprocit\u00e0 e concretezza Carissime e carissimi, con queste poche righe vorrei tanto trasmettervi ci\u00f2 che vediamo [&hellip;]<\/p>\n","protected":false},"author":1,"featured_media":3838,"comment_status":"closed","ping_status":"closed","sticky":false,"template":"","format":"standard","meta":{"_et_pb_use_builder":"","_et_pb_old_content":"","_et_gb_content_width":"","footnotes":""},"categories":[11],"tags":[],"class_list":["post-3941","post","type-post","status-publish","format-standard","has-post-thumbnail","hentry","category-news"],"_links":{"self":[{"href":"https:\/\/diocesilanciano.it\/index.php?rest_route=\/wp\/v2\/posts\/3941","targetHints":{"allow":["GET"]}}],"collection":[{"href":"https:\/\/diocesilanciano.it\/index.php?rest_route=\/wp\/v2\/posts"}],"about":[{"href":"https:\/\/diocesilanciano.it\/index.php?rest_route=\/wp\/v2\/types\/post"}],"author":[{"embeddable":true,"href":"https:\/\/diocesilanciano.it\/index.php?rest_route=\/wp\/v2\/users\/1"}],"replies":[{"embeddable":true,"href":"https:\/\/diocesilanciano.it\/index.php?rest_route=%2Fwp%2Fv2%2Fcomments&post=3941"}],"version-history":[{"count":0,"href":"https:\/\/diocesilanciano.it\/index.php?rest_route=\/wp\/v2\/posts\/3941\/revisions"}],"wp:featuredmedia":[{"embeddable":true,"href":"https:\/\/diocesilanciano.it\/index.php?rest_route=\/"}],"wp:attachment":[{"href":"https:\/\/diocesilanciano.it\/index.php?rest_route=%2Fwp%2Fv2%2Fmedia&parent=3941"}],"wp:term":[{"taxonomy":"category","embeddable":true,"href":"https:\/\/diocesilanciano.it\/index.php?rest_route=%2Fwp%2Fv2%2Fcategories&post=3941"},{"taxonomy":"post_tag","embeddable":true,"href":"https:\/\/diocesilanciano.it\/index.php?rest_route=%2Fwp%2Fv2%2Ftags&post=3941"}],"curies":[{"name":"wp","href":"https:\/\/api.w.org\/{rel}","templated":true}]}}