{"id":3891,"date":"2020-12-06T20:47:46","date_gmt":"2020-12-06T19:47:46","guid":{"rendered":"http:\/\/www.diocesilanciano.it\/?p=3891"},"modified":"2020-12-06T20:47:46","modified_gmt":"2020-12-06T19:47:46","slug":"appuntamenti-chiesa-di-lanciano-ortona-7-18-dicembre","status":"publish","type":"post","link":"https:\/\/diocesilanciano.it\/?p=3891","title":{"rendered":"APPUNTAMENTI CHIESA DI LANCIANO-ORTONA 7-18 DICEMBRE"},"content":{"rendered":"\n<h2 class=\"p1\">APPUNTAMENTI CHIESA DI LANCIANO-ORTONA 7-18 DICEMBRE<\/h2>\n<p class=\"p1\">In occasione dei prossimi appuntamenti in programma per la prima met\u00e0 del mese di dicembre, la Chiesa di Lanciano-Ortona informa che saranno trasmesse in diretta streaming sulla pagina Facebook della Diocesi &#8211; <span class=\"s1\">www.facebook.com\/diocesilancianortona\u00a0<\/span> &#8211;\u00a0 e sulla home page del sito web ufficiale <a href=\"http:\/\/www.diocesilanciano.it\/\">http:\/\/www.diocesilanciano.it\/<\/a> le seguenti celebrazioni, tutte presiedute dal Vescovo Mons. Emidio Cipollone:<\/p>\n<p class=\"p1\"><strong>marted\u00ec 8 dicembre,<\/strong> messa solenne dell&#8217;Immacolata Concezione (ore 11) dalla chiesa di San Nicola di Lanciano (per l&#8217;indisponibilit\u00e0 causa lavori in corso della chiesa di Santa Maria Maggiore);<\/p>\n<p class=\"p1\"><strong>domenica 13 dicembre<\/strong>, messa solenne in onore di Santa Lucia (ore 11) dalla chiesa di Santa Lucia di Lanciano;<\/p>\n<p class=\"p1\"><strong>mercoled\u00ec 16 dicembre,<\/strong> Lectio divina del tempo di Avvento (ore 21);<\/p>\n<p class=\"p1\"><strong>venerd\u00ec 18 dicembre,<\/strong> messa solenne dalla Cattedrale Madonna del Ponte di Lanciano in occasione del decennale dell&#8217;ordinazione episcopale del Vescovo Mons. Emidio Cipollone e ricordo del caro Vescovo Enzio D&#8217;Antonio ad un anno dalla morte.<\/p>\n<p class=\"p1\"><strong>Luned\u00ec 7 dicembre,<\/strong> in occasione della Vigilia della festa dell&#8217;Immacolata Concezione, il Vescovo celebrer\u00e0 la messa in Cattedrale alle ore 18. A seguire, solenne incoronazione della statua della Madonna del Ponte a cura dei Vigili del Fuoco del distaccamento di Lanciano.<\/p>\n<p class=\"p1\">Tutte le celebrazioni si terranno nel rispetto della normativa anticontagio da coronavirus. A tal proposito, si ricorda a beneficio di quanti vorranno partecipare in presenza alle celebrazioni, la capienza massima delle chiese: San Nicola, 42 posti; Santa Lucia, 42 posti; Cattedrale Madonna del Ponte, 123 posti. Sar\u00e0 obbligatorio igienizzare le mani all&#8217;ingresso e indossare la mascherina a coprire bocca e naso durante tutto il tempo delle celebrazioni.<\/p>\n<p class=\"p1\">Inoltre, il Vescovo ha inviato a presbiteri e diaconi la nota pastorale relativa al mese di dicembre condivisa con il Consiglio pastorale, il cui testo integrale \u00e8 disponibile sul sito ufficiale <span class=\"s1\">www.bit.ly\/notapastoraledicembre<\/span>; in particolare, per quanto concerne l\u2019orario della celebrazione eucaristica nella Vigilia del Natale del 24 dicembre e in linea con il comunicato del Consiglio permanente della CEI &#8211; \u201cper la Messa nella notte sar\u00e0 necessario prevedere l\u2019inizio e la durata della celebrazione in un orario compatibile con il cosiddetto coprifuoco\u201d &#8211; nella nota il Vescovo raccomanda che la celebrazione della Messa nella notte di Natale sia svolta tassativamente entro le 21.30, dando cos\u00ec ai fedeli la possibilit\u00e0 di rientrare nelle proprie abitazioni in tranquillit\u00e0 e sicurezza.<\/p>\n","protected":false},"excerpt":{"rendered":"","protected":false},"author":1,"featured_media":3892,"comment_status":"closed","ping_status":"closed","sticky":false,"template":"","format":"standard","meta":{"_et_pb_use_builder":"off","_et_pb_old_content":"","_et_gb_content_width":"","footnotes":""},"categories":[11],"tags":[],"class_list":["post-3891","post","type-post","status-publish","format-standard","has-post-thumbnail","hentry","category-news"],"_links":{"self":[{"href":"https:\/\/diocesilanciano.it\/index.php?rest_route=\/wp\/v2\/posts\/3891","targetHints":{"allow":["GET"]}}],"collection":[{"href":"https:\/\/diocesilanciano.it\/index.php?rest_route=\/wp\/v2\/posts"}],"about":[{"href":"https:\/\/diocesilanciano.it\/index.php?rest_route=\/wp\/v2\/types\/post"}],"author":[{"embeddable":true,"href":"https:\/\/diocesilanciano.it\/index.php?rest_route=\/wp\/v2\/users\/1"}],"replies":[{"embeddable":true,"href":"https:\/\/diocesilanciano.it\/index.php?rest_route=%2Fwp%2Fv2%2Fcomments&post=3891"}],"version-history":[{"count":0,"href":"https:\/\/diocesilanciano.it\/index.php?rest_route=\/wp\/v2\/posts\/3891\/revisions"}],"wp:featuredmedia":[{"embeddable":true,"href":"https:\/\/diocesilanciano.it\/index.php?rest_route=\/"}],"wp:attachment":[{"href":"https:\/\/diocesilanciano.it\/index.php?rest_route=%2Fwp%2Fv2%2Fmedia&parent=3891"}],"wp:term":[{"taxonomy":"category","embeddable":true,"href":"https:\/\/diocesilanciano.it\/index.php?rest_route=%2Fwp%2Fv2%2Fcategories&post=3891"},{"taxonomy":"post_tag","embeddable":true,"href":"https:\/\/diocesilanciano.it\/index.php?rest_route=%2Fwp%2Fv2%2Ftags&post=3891"}],"curies":[{"name":"wp","href":"https:\/\/api.w.org\/{rel}","templated":true}]}}