{"id":3856,"date":"2020-11-28T11:57:58","date_gmt":"2020-11-28T10:57:58","guid":{"rendered":"http:\/\/www.diocesilanciano.it\/?p=3856"},"modified":"2020-11-28T11:57:58","modified_gmt":"2020-11-28T10:57:58","slug":"comunicato-un-tempo-nuovo-per-le-comunicazioni-sociali-della-chiesa-di-lanciano-ortona-nuovi-canali-social-e-appuntamenti-online","status":"publish","type":"post","link":"https:\/\/diocesilanciano.it\/?p=3856","title":{"rendered":"Comunicato &#8211; Un tempo nuovo per le comunicazioni sociali della Chiesa di Lanciano-Ortona: nuovi canali social e appuntamenti online"},"content":{"rendered":"\n<figure class=\"wp-block-image size-large\"><img decoding=\"async\" src=\"http:\/\/nuovodiocesi.advisualweb.it\/wp-content\/uploads\/sites\/64\/2020\/11\/Vescovo-Mons.-Emidio-Cipollone.jpeg\" alt=\"\" class=\"wp-image-3857\" \/><\/figure>\n\n\n\n<p><strong>UN TEMPO NUOVO PER LE COMUNICAZIONI SOCIALI DELLA CHIESA DI LANCIANO-ORTONA<\/strong><\/p>\n\n\n\n<p><em>Nuovi canali social attivi e una maggiore presenza online con appuntamenti dell&#8217;anno liturgico in streaming<\/em><br>Un tempo di speranza, che sappia vincere la paura. Un tempo di luce, che sappia illuminare la notte. Un tempo di ascolto, che sappia intercettare i bisogni antichi e nuovi. La pandemia e la conseguente emergenza sanitaria, sociale ed economica che ne \u00e8 derivata ha mostrato in maniera chiara l&#8217;importanza delle nuove forme di comunicazione, anche nel mondo della Chiesa. Con il tempo liturgico dell&#8217;Avvento, che inizier\u00e0 domani 29 novembre con la prima domenica d&#8217;Avvento, inizia una fase nuova anche per le comunicazioni sociali della Chiesa di Lanciano-Ortona. I primi passi di questo cammino riguardano l&#8217;apertura dei canali social ufficiali e una programmazione di appuntamenti online che andranno ad estendere quelli offline soggetti alle restrizioni per via della pandemia. Ad indirizzare questo tempo nuovo, come per tutti gli altri uffici diocesani, saranno i grandi temi dell&#8217;ecologia integrale e della sinodalit\u00e0, i due fari che dallo scorso maggio &#8211; da quando la Diocesi ha iniziato il suo percorso di riforma con un nuovo statuto e un nuovo progetto pastorale &#8211; illuminano il cammino della Chiesa frentana. Vivere la sinodalit\u00e0 nelle comunicazioni sociali significher\u00e0 dare spazio all&#8217;ascolto e al dialogo dentro e fuori la comunit\u00e0 cristiana, con la pazienza di attendere che tutti possano trovare il passo giusto e che la comunione cresca nello stile della testimonianza e dell&#8217;accoglienza di ogni aspetto della societ\u00e0 e dell&#8217;umanit\u00e0. Entrare nello sguardo dell&#8217;ecologia integrale, permetter\u00e0 al servizio che la Chiesa fa comunicando il Vangelo come &#8220;buona notizia&#8221; di essere presente con parole non ostili e di verit\u00e0 anche laddove prosperano i profeti di sventura e gli annunciatori di fake news. Su questa strada l&#8217;Ufficio delle Comunicazioni Sociali, per cui Mons. Emidio Cipollone ha incaricato della direzione il giornalista Pier Paolo Di Nenno, con la parte tecnica dell&#8217;ufficio affidata al webmaster Alessandro Acciavatti, prover\u00e0 a costruire insieme un tempo nuovo per la comunicazione della Chiesa di Lanciano-Ortona, che sappia raccontare le tante attivit\u00e0 e realt\u00e0 che animano la diocesi con i mezzi nuovi che la tecnologia digitale offre, in maniera semplice e accessibile per tutti. La Chiesa di Lanciano-Ortona a partire da oggi sar\u00e0 dunque ancora di pi\u00f9 a portata di smartphone: oltre ai canali tradizionali del sito ufficiale\u00a0<a href=\"http:\/\/www.diocesilanciano.it\/\">www.diocesilanciano.it<\/a>\u00a0e del canale YouTube @ChiesaFrentana, sono attivi i nuovi canali social collegati con la pagina ufficiale Facebook &#8220;Chiesa di Lanciano-Ortona&#8221; (<a href=\"http:\/\/www.facebook.com\/diocesilancianortona\">www.facebook.com\/diocesilancianortona<\/a>) e il canale Telegram &#8220;Chiesa di Lanciano-Ortona&#8221; al quale ci si potr\u00e0 unire scaricando l&#8217;app Telegram o semplicemente cliccando al link (<a href=\"http:\/\/www.t.me\/diocesilancianortona\">www.t.me\/diocesilancianortona<\/a>). Ogni sabato pomeriggio, a partire da oggi, sar\u00e0 pubblicato sui canali ufficiali un video del Vescovo o suo delegato per il commento del Vangelo della Domenica, nella rubrica &#8220;La Buona Novella&#8221;. Inoltre, gli appuntamenti mensili tradizionali con la lectio divina saranno trasmessi in diretta streaming sui canali ufficiali, cos\u00ec come alcune delle Messe pi\u00f9 importanti dell&#8217;anno per la Chiesa di Lanciano-Ortona e i percorsi di formazione curati dagli uffici diocesani per i catechisti, gli operatori pastorali e chiunque desideri crescere nella fede.&#8221;<em>Guai a me se non evangelizzo!\u2019\u2019. Cos\u00ec diceva San Paolo scrivendo alla comunit\u00e0 cristiana di Corinto, ricordando a se stesso e a tutti il motivo per cui era andato nella loro citt\u00e0. Oggi, anche attraverso il rinnovato Ufficio delle comunicazioni sociali, sotto la guida competente e sapiente di Pier Paolo, la nostra Chiesa di Lanciano-Ortona vuole continuare questa fondamentale missione: annunciare la buona novella del Vangelo qui, ora e a tutti con un linguaggio comprensibile e con modalit\u00e0 accessibili facilmente a tutti, anche ai pi\u00f9 giovani e ai pi\u00f9 \u2018smart\u2019! Muoviamo i primi passi di questo percorso proprio all\u2019inizio del nuovo anno liturgico: il Signore che squarcia i cieli e si fa uno di noi per salvarci ci benedica e ci accompagni in questo cammino che, certamente, con il Suo aiuto e la collaborazione di tutti non mancher\u00e0 di portare frutti abbondanti&#8221;<\/em>, commenta\u00a0<strong>Mons. Emidio Cipollone<\/strong>, Vescovo di Lanciano-Ortona.\u00a0<\/p>\n\n\n\n<figure class=\"wp-block-embed-youtube wp-block-embed is-type-video is-provider-youtube wp-embed-aspect-16-9 wp-has-aspect-ratio\"><div class=\"wp-block-embed__wrapper\">\n<iframe loading=\"lazy\" title=\"La Buona Novella - Commento al Vangelo della Domenica - I avvento B\" width=\"1080\" height=\"608\" src=\"https:\/\/www.youtube.com\/embed\/_zAgUV6OJDU?feature=oembed\"  allow=\"accelerometer; autoplay; clipboard-write; encrypted-media; gyroscope; picture-in-picture; web-share\" referrerpolicy=\"strict-origin-when-cross-origin\" allowfullscreen><\/iframe>\n<\/div><\/figure>\n","protected":false},"excerpt":{"rendered":"<p>UN TEMPO NUOVO PER LE COMUNICAZIONI SOCIALI DELLA CHIESA DI LANCIANO-ORTONA Nuovi canali social attivi e una maggiore presenza online con appuntamenti dell&#8217;anno liturgico in streamingUn tempo di speranza, che [&hellip;]<\/p>\n","protected":false},"author":1,"featured_media":3857,"comment_status":"closed","ping_status":"closed","sticky":false,"template":"","format":"standard","meta":{"_et_pb_use_builder":"off","_et_pb_old_content":"","_et_gb_content_width":"","footnotes":""},"categories":[11],"tags":[],"class_list":["post-3856","post","type-post","status-publish","format-standard","has-post-thumbnail","hentry","category-news"],"_links":{"self":[{"href":"https:\/\/diocesilanciano.it\/index.php?rest_route=\/wp\/v2\/posts\/3856","targetHints":{"allow":["GET"]}}],"collection":[{"href":"https:\/\/diocesilanciano.it\/index.php?rest_route=\/wp\/v2\/posts"}],"about":[{"href":"https:\/\/diocesilanciano.it\/index.php?rest_route=\/wp\/v2\/types\/post"}],"author":[{"embeddable":true,"href":"https:\/\/diocesilanciano.it\/index.php?rest_route=\/wp\/v2\/users\/1"}],"replies":[{"embeddable":true,"href":"https:\/\/diocesilanciano.it\/index.php?rest_route=%2Fwp%2Fv2%2Fcomments&post=3856"}],"version-history":[{"count":0,"href":"https:\/\/diocesilanciano.it\/index.php?rest_route=\/wp\/v2\/posts\/3856\/revisions"}],"wp:featuredmedia":[{"embeddable":true,"href":"https:\/\/diocesilanciano.it\/index.php?rest_route=\/"}],"wp:attachment":[{"href":"https:\/\/diocesilanciano.it\/index.php?rest_route=%2Fwp%2Fv2%2Fmedia&parent=3856"}],"wp:term":[{"taxonomy":"category","embeddable":true,"href":"https:\/\/diocesilanciano.it\/index.php?rest_route=%2Fwp%2Fv2%2Fcategories&post=3856"},{"taxonomy":"post_tag","embeddable":true,"href":"https:\/\/diocesilanciano.it\/index.php?rest_route=%2Fwp%2Fv2%2Ftags&post=3856"}],"curies":[{"name":"wp","href":"https:\/\/api.w.org\/{rel}","templated":true}]}}