{"id":3628,"date":"2020-04-10T19:11:27","date_gmt":"2020-04-10T17:11:27","guid":{"rendered":"http:\/\/www.diocesilanciano.it\/?p=3628"},"modified":"2020-04-10T19:11:27","modified_gmt":"2020-04-10T17:11:27","slug":"venerdi-santo-2020-una-processione-diversa","status":"publish","type":"post","link":"https:\/\/diocesilanciano.it\/?p=3628","title":{"rendered":"venerd\u00ec santo 2020: una processione &#8220;diversa&#8221;"},"content":{"rendered":"\n<figure class=\"wp-block-image size-large\"><img decoding=\"async\" src=\"http:\/\/nuovodiocesi.advisualweb.it\/wp-content\/uploads\/sites\/64\/2020\/04\/santo.jpg\" alt=\"\" class=\"wp-image-3629\" \/><\/figure>\n\n\n\n<p>Chi dice che non vi sar\u00e0 la Settimana Santa? Non avete visto l\u2019immensa processione di persone senza veste [di penitenti] n\u00e9 manaies, risultate positive al coronavirus? Non vedete la Via Crucis del personale sanitario che risale il Calvario della pandemia, sopraffatti, senza forza, e con l\u2019angoscia al cuore di no n potere resistere? Colui che dice che il Nazareno non uscir\u00e0 per la Settimana Santa non ha visto i medici con il camice bianco e il cuore sensibile che portano la croce dolorosa delle persone contaminate. Non vedete tanti scienziati sudare acqua e sangue, come a Getsemani, per trovare un trattamento o un vaccino? Non dite che Ges\u00f9 non passa nelle strade quest\u2019anno, mentre tanta gente deve lavorare per portare cibo e medicine a tutti. Non avete visto il numero di Cirenei offrirsi in un modo o nell\u2019altro per portare le pesanti croci? Non vedete quante persone, Veroniche, sono esposte all\u2019infezione per asciugare il volto di persone contaminate? Chi ha detto che Ges\u00f9 non cadeva per terra ogniqualvolta sentiamo il freddo conteggio delle nuove vittime? Non vivono la Passione altrettante case di riposo piene di persone anziane, e il loro personale, con il fattore di rischio pi\u00f9 elevato? Non \u00e8 come una corona di spine per i bambini che devono vivere questa crisi rinchiusi, senza capire troppo bene e senza correre nei parchi e nelle strade? Non si sentono ingiustamente condannati, le scuole, le universit\u00e0, e tanti negozi obbligati a chiudere? Tutti i paesi del mondo non sono colpiti, frustati, dal flagello di questo virus? Non sono come Ponzio Pilato che si lava le mani, i dirigenti che cercano semplicemente a trarre un vantaggio politico dalla situazione? Non soffrono, impotenti come i discepoli senza il Maestro, altrettante famiglie confinate in casa, molte con problemi, non sapendo come e quando tutto finir\u00e0? Il volto doloroso di Maria non si rispecchia in quello di tante madri e di membri di famiglie, soffrendo della morte \u2013 e in pi\u00f9 a distanza \u2013 di una persona cara? Non \u00e8 come lo spogliamento di un vestito, l\u2019angoscia di tante famiglie e di piccole imprese che vedono le loro economie svanire? L\u2019agonia di Ges\u00f9 non \u00e8 legata alla mancanza di respiratori nelle unit\u00e0 di terapia intensiva in tanti paesi? Non dite : niente Settimana Santa, non ditelo, perch\u00e9 il DRAMMA DELLA PASSIONE non \u00e8 certo quasi mai stato cos\u00ec reale e autentico. <br \/>Buoni giorni verso la Santa Pasqua&#8230; (d. Abele collaboratore delle Parrocchie di Valenza)<\/p>\n","protected":false},"excerpt":{"rendered":"","protected":false},"author":1,"featured_media":3629,"comment_status":"closed","ping_status":"closed","sticky":false,"template":"","format":"standard","meta":{"_et_pb_use_builder":"off","_et_pb_old_content":"","_et_gb_content_width":"","footnotes":""},"categories":[11],"tags":[],"class_list":["post-3628","post","type-post","status-publish","format-standard","has-post-thumbnail","hentry","category-news"],"_links":{"self":[{"href":"https:\/\/diocesilanciano.it\/index.php?rest_route=\/wp\/v2\/posts\/3628","targetHints":{"allow":["GET"]}}],"collection":[{"href":"https:\/\/diocesilanciano.it\/index.php?rest_route=\/wp\/v2\/posts"}],"about":[{"href":"https:\/\/diocesilanciano.it\/index.php?rest_route=\/wp\/v2\/types\/post"}],"author":[{"embeddable":true,"href":"https:\/\/diocesilanciano.it\/index.php?rest_route=\/wp\/v2\/users\/1"}],"replies":[{"embeddable":true,"href":"https:\/\/diocesilanciano.it\/index.php?rest_route=%2Fwp%2Fv2%2Fcomments&post=3628"}],"version-history":[{"count":0,"href":"https:\/\/diocesilanciano.it\/index.php?rest_route=\/wp\/v2\/posts\/3628\/revisions"}],"wp:featuredmedia":[{"embeddable":true,"href":"https:\/\/diocesilanciano.it\/index.php?rest_route=\/"}],"wp:attachment":[{"href":"https:\/\/diocesilanciano.it\/index.php?rest_route=%2Fwp%2Fv2%2Fmedia&parent=3628"}],"wp:term":[{"taxonomy":"category","embeddable":true,"href":"https:\/\/diocesilanciano.it\/index.php?rest_route=%2Fwp%2Fv2%2Fcategories&post=3628"},{"taxonomy":"post_tag","embeddable":true,"href":"https:\/\/diocesilanciano.it\/index.php?rest_route=%2Fwp%2Fv2%2Ftags&post=3628"}],"curies":[{"name":"wp","href":"https:\/\/api.w.org\/{rel}","templated":true}]}}