{"id":2982,"date":"2019-07-03T13:43:00","date_gmt":"2019-07-03T11:43:00","guid":{"rendered":"http:\/\/www.diocesilanciano.it\/?p=2982"},"modified":"2019-07-03T13:43:00","modified_gmt":"2019-07-03T11:43:00","slug":"campi-estivi-2019-per-persone-diversamente-abili","status":"publish","type":"post","link":"https:\/\/diocesilanciano.it\/?p=2982","title":{"rendered":"Campi Estivi 2019 per persone diversamente abili"},"content":{"rendered":"\n<div class=\"wp-block-file\"><a href=\"http:\/\/nuovodiocesi.advisualweb.it\/wp-content\/uploads\/sites\/64\/2019\/07\/COMUNICATO.pdf\">COMUNICATO<\/a><a href=\"http:\/\/nuovodiocesi.advisualweb.it\/wp-content\/uploads\/sites\/64\/2019\/07\/COMUNICATO.pdf\" class=\"wp-block-file__button\" download>Download<\/a><\/div>\n\n\n\n<p><img loading=\"lazy\" decoding=\"async\" class=\"alignnone size-medium wp-image-2984\" src=\"http:\/\/nuovodiocesi.advisualweb.it\/wp-content\/uploads\/sites\/64\/2019\/07\/campi-disabili-300x241.jpg\" alt=\"\" width=\"300\" height=\"241\" \/><\/p>\n\n\n\n<p><strong>COMUNICATO<\/strong><\/p>\n<p>CAMPI ESTIVI promossi dall\u2019Associazione \u201cPastor Bonus\u201d<\/p>\n<p>per persone diversamente abili \u2013 Anno 2019<\/p>\n<p>\u00a0<\/p>\n<p>Il prossimo 29 Luglio, nella Parrocchia Madonna del Pozzo di Villa Elce in Lanciano, inizier\u00e0 il primo dei tre Campi estivi settimanali, voluti dalla nostra Arcidiocesi di Lanciano \u2013 Ortona, per attivit\u00e0 in favore di persone diversamente abili.<\/p>\n<p>Lo scorso anno abbiamo trattato il tema \u201c<em>\u00c8 bello per noi essere qui!<\/em>\u201d (Mt 17,1-4), espressione della nostra felicit\u00e0 per queste settimane di gioiosa condivisione.<\/p>\n<p>Quest\u2019anno, insieme ai tanti ragazzi volontari che si adoperano per questo servizio, vogliamo fare un passo avanti per dare possibilit\u00e0 di partecipare a quelle persone che sono impegnate nella ricerca di qualcosa che non hanno ancora trovato\u2026<\/p>\n<p>Per questo motivo, il Tema dei Campi 2019 sar\u00e0: \u201c<strong><em>VENITE E VEDRETE!<\/em><\/strong>\u201d (Gv 1,35-42a). Noi uomini siamo per natura dei cercatori: siamo continuamente alla ricerca di felicit\u00e0, di amore, di senso. Questa ricerca pu\u00f2 avere una risposta: dobbiamo fidarci di chi ci sa indicare Ges\u00f9, mettendosi da parte come ha fatto il Battista.<\/p>\n<p>Ognuno di noi ha la possibilit\u00e0 di incontrare l\u2019amore che passa e che desidera abitare dentro di noi. Dobbiamo solo accettare l\u2019invito di Ges\u00f9: \u201c<strong>Venite e vedrete!<\/strong>\u201d.<\/p>\n<p>\u00a0<\/p>\n<p>Questi Campi diocesani sono gratuiti: vengono finanziati con l\u2019otto per mille. La base sar\u00e0 a Villa Elce ma ci saranno uscite culturali e divertenti che saranno di grande aiuto per la crescita e la formazione dei nostri amici diversamente abili.<\/p>\n<p>Per iscrizioni, informazioni e chiarimenti si pu\u00f2 telefonare all\u2019Associazione Pastor Bonus: 3285454894 (Tommaso), 3290936990 (Alba), 3200204547 (Chiara).<\/p>\n<p>\u00a0<\/p>\n","protected":false},"excerpt":{"rendered":"","protected":false},"author":1,"featured_media":2984,"comment_status":"closed","ping_status":"closed","sticky":false,"template":"","format":"standard","meta":{"_et_pb_use_builder":"","_et_pb_old_content":"","_et_gb_content_width":"","footnotes":""},"categories":[11],"tags":[],"class_list":["post-2982","post","type-post","status-publish","format-standard","has-post-thumbnail","hentry","category-news"],"_links":{"self":[{"href":"https:\/\/diocesilanciano.it\/index.php?rest_route=\/wp\/v2\/posts\/2982","targetHints":{"allow":["GET"]}}],"collection":[{"href":"https:\/\/diocesilanciano.it\/index.php?rest_route=\/wp\/v2\/posts"}],"about":[{"href":"https:\/\/diocesilanciano.it\/index.php?rest_route=\/wp\/v2\/types\/post"}],"author":[{"embeddable":true,"href":"https:\/\/diocesilanciano.it\/index.php?rest_route=\/wp\/v2\/users\/1"}],"replies":[{"embeddable":true,"href":"https:\/\/diocesilanciano.it\/index.php?rest_route=%2Fwp%2Fv2%2Fcomments&post=2982"}],"version-history":[{"count":0,"href":"https:\/\/diocesilanciano.it\/index.php?rest_route=\/wp\/v2\/posts\/2982\/revisions"}],"wp:featuredmedia":[{"embeddable":true,"href":"https:\/\/diocesilanciano.it\/index.php?rest_route=\/"}],"wp:attachment":[{"href":"https:\/\/diocesilanciano.it\/index.php?rest_route=%2Fwp%2Fv2%2Fmedia&parent=2982"}],"wp:term":[{"taxonomy":"category","embeddable":true,"href":"https:\/\/diocesilanciano.it\/index.php?rest_route=%2Fwp%2Fv2%2Fcategories&post=2982"},{"taxonomy":"post_tag","embeddable":true,"href":"https:\/\/diocesilanciano.it\/index.php?rest_route=%2Fwp%2Fv2%2Ftags&post=2982"}],"curies":[{"name":"wp","href":"https:\/\/api.w.org\/{rel}","templated":true}]}}