{"id":2786,"date":"2019-01-08T13:51:41","date_gmt":"2019-01-08T12:51:41","guid":{"rendered":"http:\/\/www.diocesilanciano.it\/?p=2786"},"modified":"2019-01-08T13:51:41","modified_gmt":"2019-01-08T12:51:41","slug":"settimana-di-preghiera-per-lunita-dei-cristiani","status":"publish","type":"post","link":"https:\/\/diocesilanciano.it\/?p=2786","title":{"rendered":"Settimana di preghiera per l\u2019unit\u00e0 dei cristiani"},"content":{"rendered":"\n<h3 class=\"wp-block-heading\">Settimana di preghiera per l\u2019unit\u00e0 dei cristiani<\/h3>\n\n\n\n<h4 class=\"wp-block-heading\">18-25 gennaio 2019<\/h4>\n\n\n\n<p>\u00c8 nuovamente giunta la Settimana di preghiera per l\u2019unit\u00e0 dei Cristiani, una Settimana speciale, una Settimana piena di gioia e commozione, di responsabilit\u00e0 e di dovere, poich\u00e9 ha come scopo la realizzazione della volont\u00e0 del nostro Salvatore Ges\u00f9 Cristo: \u201cChe tutti siano una cosa sola\u201d (Gv 17, 21)..<br><\/p>\n\n\n\n<p>\u201cCercate di essere veramente giusti\u201d<br>(Deuteronomio 16, 18-20)<\/p>\n\n\n\n<p>Testi utili per tutto l\u2019anno 2019<br>Paoline Editoriale Libri<br>Centro Pro Unione &#8211; Roma<br>Frati Francescani dell&#8217;Atonement<\/p>\n\n\n\n<p><a href=\"https:\/\/ecumenismo.chiesacattolica.it\/wp-content\/uploads\/sites\/32\/2018\/10\/29\/SPUC-2019-CEI.pdf\"><strong>Opuscolo settimana di preghiera<\/strong><\/a><\/p>\n\n\n\n<p><a href=\"https:\/\/ecumenismo.chiesacattolica.it\/wp-content\/uploads\/sites\/32\/2018\/10\/29\/PreghiereMensili2019.pdf\"><strong>Sussidio preghiere mensili<\/strong><\/a><\/p>\n\n\n\n<h1 class=\"wp-block-heading\">Il Libro di Ester<\/h1>\n\n\n\n<p>Sussidio per la XXX Giornata per l\u2019approfondimento e lo sviluppo del dialogo tra Cattolici ed Ebrei 17 gennaio 2019 Il Libro di Ester<\/p>\n\n\n\n<figure class=\"wp-block-image\"><img decoding=\"async\" src=\"\/9afc0cc43aaf4f689b5aaab4da02b9ea@Open-Xchange\" alt=\"\" \/><\/figure>\n\n\n\n<p>Sussidio per la XXX Giornata per l\u2019approfondimento e lo sviluppo del dialogo tra Cattolici ed Ebrei<br>17 gennaio 2019<\/p>\n\n\n\n<p><strong><a href=\"https:\/\/ecumenismo.chiesacattolica.it\/wp-content\/uploads\/sites\/32\/2018\/10\/29\/XXX-giornata-ebraico-19_per_stampa.pdf\">Il Libro di Ester<\/a><\/strong><\/p>\n\n\n\n<div class=\"wp-block-file\"><a href=\"http:\/\/nuovodiocesi.advisualweb.it\/wp-content\/uploads\/sites\/64\/2019\/01\/PreghiereMensili2019.pdf\">PreghiereMensili2019<\/a><a href=\"http:\/\/nuovodiocesi.advisualweb.it\/wp-content\/uploads\/sites\/64\/2019\/01\/PreghiereMensili2019.pdf\" class=\"wp-block-file__button\" download>Scarica<\/a><\/div>\n\n\n\n<div class=\"wp-block-file\"><a href=\"http:\/\/nuovodiocesi.advisualweb.it\/wp-content\/uploads\/sites\/64\/2019\/01\/SPUC-2019-CEI.pdf\">SPUC-2019-CEI<\/a><a href=\"http:\/\/nuovodiocesi.advisualweb.it\/wp-content\/uploads\/sites\/64\/2019\/01\/SPUC-2019-CEI.pdf\" class=\"wp-block-file__button\" download>Scarica<\/a><\/div>\n\n\n\n<div class=\"wp-block-file\"><a href=\"http:\/\/nuovodiocesi.advisualweb.it\/wp-content\/uploads\/sites\/64\/2019\/01\/XXX-giornata-ebraico-19_per_stampa.pdf\">XXX-giornata-ebraico-19_per_stampa<\/a><a href=\"http:\/\/nuovodiocesi.advisualweb.it\/wp-content\/uploads\/sites\/64\/2019\/01\/XXX-giornata-ebraico-19_per_stampa.pdf\" class=\"wp-block-file__button\" download>Scarica<\/a><\/div>\n","protected":false},"excerpt":{"rendered":"<p>Settimana di preghiera per l\u2019unit\u00e0 dei cristiani 18-25 gennaio 2019 \u00c8 nuovamente giunta la Settimana di preghiera per l\u2019unit\u00e0 dei Cristiani, una Settimana speciale, una Settimana piena di gioia e [&hellip;]<\/p>\n","protected":false},"author":1,"featured_media":2787,"comment_status":"closed","ping_status":"closed","sticky":false,"template":"","format":"standard","meta":{"_et_pb_use_builder":"","_et_pb_old_content":"","_et_gb_content_width":"","footnotes":""},"categories":[11],"tags":[],"class_list":["post-2786","post","type-post","status-publish","format-standard","has-post-thumbnail","hentry","category-news"],"_links":{"self":[{"href":"https:\/\/diocesilanciano.it\/index.php?rest_route=\/wp\/v2\/posts\/2786","targetHints":{"allow":["GET"]}}],"collection":[{"href":"https:\/\/diocesilanciano.it\/index.php?rest_route=\/wp\/v2\/posts"}],"about":[{"href":"https:\/\/diocesilanciano.it\/index.php?rest_route=\/wp\/v2\/types\/post"}],"author":[{"embeddable":true,"href":"https:\/\/diocesilanciano.it\/index.php?rest_route=\/wp\/v2\/users\/1"}],"replies":[{"embeddable":true,"href":"https:\/\/diocesilanciano.it\/index.php?rest_route=%2Fwp%2Fv2%2Fcomments&post=2786"}],"version-history":[{"count":0,"href":"https:\/\/diocesilanciano.it\/index.php?rest_route=\/wp\/v2\/posts\/2786\/revisions"}],"wp:featuredmedia":[{"embeddable":true,"href":"https:\/\/diocesilanciano.it\/index.php?rest_route=\/"}],"wp:attachment":[{"href":"https:\/\/diocesilanciano.it\/index.php?rest_route=%2Fwp%2Fv2%2Fmedia&parent=2786"}],"wp:term":[{"taxonomy":"category","embeddable":true,"href":"https:\/\/diocesilanciano.it\/index.php?rest_route=%2Fwp%2Fv2%2Fcategories&post=2786"},{"taxonomy":"post_tag","embeddable":true,"href":"https:\/\/diocesilanciano.it\/index.php?rest_route=%2Fwp%2Fv2%2Ftags&post=2786"}],"curies":[{"name":"wp","href":"https:\/\/api.w.org\/{rel}","templated":true}]}}