{"id":2597,"date":"2018-08-20T14:35:49","date_gmt":"2018-08-20T12:35:49","guid":{"rendered":"http:\/\/www.diocesilanciano.it\/?p=2597"},"modified":"2018-08-20T14:35:49","modified_gmt":"2018-08-20T12:35:49","slug":"assemblee-diocesane-di-programmazione-anno-pastorale-2018-19","status":"publish","type":"post","link":"https:\/\/diocesilanciano.it\/?p=2597","title":{"rendered":"Assemblee Diocesane di Programmazione Anno Pastorale 2018-19"},"content":{"rendered":"<ul>\n<li><span style=\"font-family: arial, helvetica, sans-serif\"><a href=\"http:\/\/nuovodiocesi.advisualweb.it\/wp-content\/uploads\/sites\/64\/2018\/07\/AssembleAgostoSettembre2018.pdf\">AssembleAgostoSettembre2018<\/a> <\/span><\/li>\n<li><span style=\"font-family: arial, helvetica, sans-serif\"><a href=\"http:\/\/nuovodiocesi.advisualweb.it\/wp-content\/uploads\/sites\/64\/2018\/07\/Assemblee2018.pdf\">Assemblee2018<\/a><\/span><\/li>\n<\/ul>\n<h3><span style=\"color: #993300;font-family: arial, helvetica, sans-serif\"><strong>ASSEMBLEE DI PROGRAMMAZIONE: 27 \u2013 28 AGOSTO \/ 1 SETTEMBRE 2018<\/strong><\/span><\/h3>\n<p>&nbsp;<\/p>\n<p><span style=\"font-family: arial, helvetica, sans-serif\">A settembre riprenderemo con un ritmo regolare e programmato le nostre attivit\u00e0 pastorali nelle diverse comunit\u00e0 della nostra Arcidiocesi.<\/span><\/p>\n<p><span style=\"font-family: arial, helvetica, sans-serif\">Siamo soliti ritrovarci in <strong>ASSEMBLEE <\/strong>per un confronto e un dialogo che possa cos\u00ec facilitare il processo sinodale, fornendo riferimenti orientativi e programmatici in sintonia con il ministero pretrino di Francesco e le indicazioni dei nostri Vescovi.<\/span><\/p>\n<p>&nbsp;<\/p>\n<p><span style=\"font-family: arial, helvetica, sans-serif\"><strong>LUNEDI\u2019 27 AGOSTO<\/strong>, in un orario preserale, l\u2019assemblea avr\u00e0 un carattere \u201c<strong>PASTORALE<\/strong>\u201d, \u00e8 quindi importante che siano presenti presbiteri (i vicari zonali, i direttori degli uffici diocesani, i membri dei consigli diocesani\u2026) e laiche \/ laici che svolgono diversi ministeri (catechisti, ministri della comunione, membri dei consigli pastorali, animatori di settori e di gruppi\u2026).<\/span><\/p>\n<p><span style=\"font-family: arial, helvetica, sans-serif\">La partecipazione di <em>d. Emilio Centomo<\/em>, presbitero della diocesi di Vicenza e parroco di S. Bonifacio (VR) insieme a <em>Federica Sciuscio<\/em> ed a <em>Roberto Ruffio<\/em> della sua Unit\u00e0 Pastorale, ci offrir\u00e0 la possibilit\u00e0 di un confronto e di un dialogo con esperienze diverse per contesti ma vicine per le esigenze contemporanee e le sfide che investono in particolare le chiese in Italia.<\/span><\/p>\n<p>&nbsp;<\/p>\n<p><span style=\"font-family: arial, helvetica, sans-serif\"><strong>MARTEDI\u2019 28 AGOSTO<\/strong>, ancora con la loro partecipazione, il confronto e il dialogo si focalizzeranno tra i nostri <strong>PRESBITERI, diocesani e religiosi<\/strong>, che nelle nostre comunit\u00e0 hanno il ministero di animare la vita cristiana e di coordinare le attivit\u00e0 pastorali in uno stile di comunione, di condivisione e di corresponsabilit\u00e0 a cui \u00e8 sempre necessario convertirci.<\/span><\/p>\n<p><span style=\"font-family: arial, helvetica, sans-serif\">Saranno anche presentate le Proposte formative per il prossimo 2018-2019.<\/span><\/p>\n<p><span style=\"font-family: arial, helvetica, sans-serif\"><sup>\u00a0<\/sup><\/span><\/p>\n<p><span style=\"font-family: arial, helvetica, sans-serif\"><strong>SABATO 1 SETTEMBRE<\/strong>, dopo qualche giorno di \u201cdecantazione\u201d, in una <strong>ASSEMBLEA DIOCESANA <\/strong>(aperta a tutti!), avremo elementi sufficienti per indicare alcune priorit\u00e0 da tener presenti quest\u2019anno nelle varie scelte pastorali.<\/span><\/p>\n<p><span style=\"font-family: arial, helvetica, sans-serif\">Anzitutto <em>IL VANGELO DELL\u2019ANNO\/C<\/em> ha un posto unico in quanto non scelto da noi ma indicato e propostoci come dono dalla Chiesa stessa per la sequela personale e comunitaria del nostro unico Maestro Ges\u00f9. Sar\u00e0 semplicemente presentato e distribuito un sussidio per introdurre all\u2019ascolto liturgico e alla lettura personale o di gruppo del <em>RACCONTO EVANGELICO DI LUCA.<\/em><\/span><\/p>\n<p><span style=\"font-family: arial, helvetica, sans-serif\">Saranno i preti e i laici\/e raccolti per zone pastorali a confrontarsi e a dialogare sulla Traccia proposta per la <strong>Programmazione Pastorale 2018-2019<\/strong> riguardante in particolare: <strong>il cammino di \u201cChiesa Sinodale\u201d &#8211;\u00a0 le Unit\u00e0 Pastorali \u2013 gli ambiti di Famiglia \/ Giovani \/ Povert\u00e0.<\/strong><\/span><\/p>\n<p>&nbsp;<\/p>\n<p><span style=\"font-family: arial, helvetica, sans-serif\">Cos\u00ec il Programma delle Assemblee che trovate di seguito pu\u00f2 risultare pi\u00f9 comprensibile, motivando le scelte che lo hanno ispirato.<\/span><\/p>\n<p>&nbsp;<\/p>\n<p><span style=\"font-family: arial, helvetica, sans-serif\">Invito soprattutto i Parroci e i responsabili delle Aggregazioni laicali a promuovere la partecipazione non numerica, ma tale che tutte le comunit\u00e0 parrocchiali siano rappresentate e tutte le componenti ecclesiali siano presenti.<\/span><\/p>\n<p><span style=\"font-family: arial, helvetica, sans-serif\">Con l\u2019augurio di una serena estate un arrivederci alle Assemblee.<\/span><\/p>\n<p>&nbsp;<\/p>\n<p>&nbsp;<\/p>\n<p><span style=\"font-family: arial, helvetica, sans-serif\">Roberto Geroldi, vicario.<\/span><\/p>\n<p>&nbsp;<\/p>\n","protected":false},"excerpt":{"rendered":"<p>AssembleAgostoSettembre2018 Assemblee2018 ASSEMBLEE DI PROGRAMMAZIONE: 27 \u2013 28 AGOSTO \/ 1 SETTEMBRE 2018 &nbsp; A settembre riprenderemo con un ritmo regolare e programmato le nostre attivit\u00e0 pastorali nelle diverse comunit\u00e0 [&hellip;]<\/p>\n","protected":false},"author":1,"featured_media":2602,"comment_status":"closed","ping_status":"closed","sticky":false,"template":"","format":"standard","meta":{"_et_pb_use_builder":"","_et_pb_old_content":"","_et_gb_content_width":"","footnotes":""},"categories":[11],"tags":[],"class_list":["post-2597","post","type-post","status-publish","format-standard","has-post-thumbnail","hentry","category-news"],"_links":{"self":[{"href":"https:\/\/diocesilanciano.it\/index.php?rest_route=\/wp\/v2\/posts\/2597","targetHints":{"allow":["GET"]}}],"collection":[{"href":"https:\/\/diocesilanciano.it\/index.php?rest_route=\/wp\/v2\/posts"}],"about":[{"href":"https:\/\/diocesilanciano.it\/index.php?rest_route=\/wp\/v2\/types\/post"}],"author":[{"embeddable":true,"href":"https:\/\/diocesilanciano.it\/index.php?rest_route=\/wp\/v2\/users\/1"}],"replies":[{"embeddable":true,"href":"https:\/\/diocesilanciano.it\/index.php?rest_route=%2Fwp%2Fv2%2Fcomments&post=2597"}],"version-history":[{"count":0,"href":"https:\/\/diocesilanciano.it\/index.php?rest_route=\/wp\/v2\/posts\/2597\/revisions"}],"wp:featuredmedia":[{"embeddable":true,"href":"https:\/\/diocesilanciano.it\/index.php?rest_route=\/wp\/v2\/media\/2602"}],"wp:attachment":[{"href":"https:\/\/diocesilanciano.it\/index.php?rest_route=%2Fwp%2Fv2%2Fmedia&parent=2597"}],"wp:term":[{"taxonomy":"category","embeddable":true,"href":"https:\/\/diocesilanciano.it\/index.php?rest_route=%2Fwp%2Fv2%2Fcategories&post=2597"},{"taxonomy":"post_tag","embeddable":true,"href":"https:\/\/diocesilanciano.it\/index.php?rest_route=%2Fwp%2Fv2%2Ftags&post=2597"}],"curies":[{"name":"wp","href":"https:\/\/api.w.org\/{rel}","templated":true}]}}